{"id":8671,"date":"2026-01-29T05:03:39","date_gmt":"2026-01-29T05:03:39","guid":{"rendered":"http:\/\/almomento.net\/?p=1095277"},"modified":"2026-01-29T05:03:39","modified_gmt":"2026-01-29T05:03:39","slug":"miss-universo-y-giannina-azar-unidas-por-autismo-en-la-rd","status":"publish","type":"post","link":"https:\/\/sarmiento24h.com\/?p=8671","title":{"rendered":"Miss Universo y\u00a0Giannina Azar unidas por autismo en la RD"},"content":{"rendered":"<p><!-- .entry-header --> <\/p>\n<div class=\"img_center\" readability=\"12\"> <a href=\"https:\/\/almomento.net\/wp-content\/uploads\/2026\/01\/miis.jpg\" alt=\"Miss Universo y&nbsp;Giannina Azar unidas por autismo en la RD\" title=\"Miss Universo y&nbsp;Giannina Azar unidas por autismo en la RD\" data-toggle=\"lightbox\" class=\"thickbox\"><img decoding=\"async\" src=\"https:\/\/almomento.net\/wp-content\/uploads\/2026\/01\/miis.jpg\" class=\"attachment-post-thumbnail size-post-thumbnail wp-post-image\" alt=\"imagen\" title=\"Miss Universo y&nbsp;Giannina Azar unidas por autismo en la RD\" data-toggle data-title=\"Miss Universo y&nbsp;Giannina Azar unidas por autismo en la RD\"><\/a><\/p>\n<p>Marta Amengual, S\u00f3crates McKinney, Giannina Azar, F\u00e1tima Bosch ( Miss Universo), Magali Febles y Mar\u00eda Jos\u00e9 Unda (vicepresidenta Miss Universo).<\/p>\n<\/p><\/div>\n<p>SANTO DOMINGO. \u2013 Durante su visita oficial a la Rep\u00fablica Dominicana, Miss Universo 2025, F\u00e1tima Bosch, protagoniz\u00f3 un desfile a favor de la concienciaci\u00f3n sobre el autismo, junto a la reconocida dise\u00f1adora local Giannina Azar.<\/p>\n<p>El evento, que fusion\u00f3 moda, inclusi\u00f3n y compromiso social, tuvo como sede el lujoso hotel Kimpton Las Mercedes, escenario que acogi\u00f3 a figuras del mundo de la moda, representantes institucionales, l\u00edderes sociales y medios de comunicaci\u00f3n.<\/p>\n<p>La producci\u00f3n general estuvo a cargo del Gur\u00fa de la Moda Dominicana, S\u00f3crates McKinney, quien imprimi\u00f3 su sello de elegancia y visi\u00f3n art\u00edstica a una velada cargada de significado.<\/p>\n<p>En la pasarela, modelos nacionales e internacionales, junto a F\u00e1tima Bosch, lucieron creaciones exclusivas de Giannina Azar, dise\u00f1adora de proyecci\u00f3n internacional, cuyas piezas destacaron por su sofisticaci\u00f3n y mensaje de sensibilidad social.<\/p>\n<p><strong>\u201cLA CORONA BRILLA POR EL AUTISMO\u00a8<\/strong><\/p>\n<p>\u00a8La Corona brilla por el Autismo\u201d, fue el nombre de la pasarela que sirvi\u00f3 como plataforma para visibilizar esa condici\u00f3n, con el prop\u00f3sito de reforzar la importancia de la inclusi\u00f3n, la empat\u00eda y el respeto a la diversidad.<\/p>\n<p>El desfile integra la agenda oficial que Miss Universo desarrolla en el pa\u00eds y se inscribe en la celebraci\u00f3n del 70 aniversario de Miss Rep\u00fablica Dominicana Universo.<\/p>\n<p>La conmemoraci\u00f3n destaca siete d\u00e9cadas de presencia, legado y participaci\u00f3n de este pa\u00eds en el certamen internacional.<\/p>\n<p>En un mensaje, Miss Universo F\u00e1tima Bosch expres\u00f3 su gratitud al pueblo dominicano por la c\u00e1lida acogida y valor\u00f3 la oportunidad de utilizar la moda como un veh\u00edculo de cambio social.<\/p>\n<p>\u201cRep\u00fablica Dominicana me ha recibido con los brazos abiertos y con el coraz\u00f3n. Este desfile es un recordatorio de que la belleza tambi\u00e9n tiene prop\u00f3sito\u201d, afirm\u00f3.<\/p>\n<p>Tambi\u00e9n Giannina Azar agradeci\u00f3 la confianza y destac\u00f3 el honor de participar en un evento con causa.<\/p>\n<p><span>agl\/of-am<\/span><\/p>\n<div class=\"heateor_sss_sharing_container heateor_sss_horizontal_sharing\" data-heateor-sss-href=\"https:\/\/almomento.net\/miss-universo-y-giannina-azar-unidas-por-autismo-en-la-rd\/\" readability=\"7\">\n<p>Comp\u00e1rtelo en tus redes:<\/p>\n<\/div>\n<p> <!-- 468x60 --><br \/>\n<ins class=\"adsbygoogle\" data-ad-client=\"ca-pub-3511341636159665\" data-ad-slot=\"3538255450\"><\/ins> <!-- .entry-content --> <\/p>\n","protected":false},"excerpt":{"rendered":"<p>Marta Amengual, S\u00f3crates McKinney, Giannina Azar, F\u00e1tima&#46;&#46;&#46;<\/p>\n","protected":false},"author":1,"featured_media":8672,"comment_status":"closed","ping_status":"closed","sticky":false,"template":"","format":"standard","meta":{"_jetpack_memberships_contains_paid_content":false,"footnotes":"","jetpack_publicize_message":"","jetpack_publicize_feature_enabled":true,"jetpack_social_post_already_shared":false,"jetpack_social_options":{"image_generator_settings":{"template":"highway","default_image_id":0,"font":"","enabled":false},"version":2}},"categories":[45],"tags":[],"class_list":["post-8671","post","type-post","status-publish","format-standard","has-post-thumbnail","hentry","category-variedades"],"yoast_head":"<!-- This site is optimized with the Yoast SEO plugin v27.3 - https:\/\/yoast.com\/product\/yoast-seo-wordpress\/ -->\n<title>Miss Universo y\u00a0Giannina Azar unidas por autismo en la RD - Sarmiento24h<\/title>\n<meta name=\"robots\" content=\"index, follow, max-snippet:-1, max-image-preview:large, max-video-preview:-1\" \/>\n<link rel=\"canonical\" href=\"https:\/\/sarmiento24h.com\/?p=8671\" \/>\n<meta property=\"og:locale\" content=\"es_ES\" \/>\n<meta property=\"og:type\" content=\"article\" \/>\n<meta property=\"og:title\" content=\"Miss Universo y\u00a0Giannina Azar unidas por autismo en la RD - Sarmiento24h\" \/>\n<meta property=\"og:description\" content=\"Marta Amengual, S\u00f3crates McKinney, Giannina Azar, F\u00e1tima&#046;&#046;&#046;\" \/>\n<meta property=\"og:url\" content=\"https:\/\/sarmiento24h.com\/?p=8671\" \/>\n<meta property=\"og:site_name\" content=\"Sarmiento24h\" \/>\n<meta property=\"article:publisher\" content=\"https:\/\/facebook.com\/s24hnoticias\" \/>\n<meta property=\"article:published_time\" content=\"2026-01-29T05:03:39+00:00\" \/>\n<meta property=\"og:image\" content=\"https:\/\/sarmiento24h.com\/wp-content\/uploads\/2026\/01\/miss-universo-y-giannina-azar-unidas-por-autismo-en-la-rd.jpg\" \/>\n\t<meta property=\"og:image:width\" content=\"2000\" \/>\n\t<meta property=\"og:image:height\" content=\"1333\" \/>\n\t<meta property=\"og:image:type\" content=\"image\/jpeg\" \/>\n<meta name=\"author\" content=\"sarmiento24h@gmail.com\" \/>\n<meta name=\"twitter:card\" content=\"summary_large_image\" \/>\n<meta name=\"twitter:creator\" content=\"@sarmiento24h\" \/>\n<meta name=\"twitter:site\" content=\"@sarmiento24h\" \/>\n<meta name=\"twitter:label1\" content=\"Escrito por\" \/>\n\t<meta name=\"twitter:data1\" content=\"sarmiento24h@gmail.com\" \/>\n\t<meta name=\"twitter:label2\" content=\"Tiempo de lectura\" \/>\n\t<meta name=\"twitter:data2\" content=\"2 minutos\" \/>\n<script type=\"application\/ld+json\" class=\"yoast-schema-graph\">{\"@context\":\"https:\\\/\\\/schema.org\",\"@graph\":[{\"@type\":\"Article\",\"@id\":\"https:\\\/\\\/sarmiento24h.com\\\/?p=8671#article\",\"isPartOf\":{\"@id\":\"https:\\\/\\\/sarmiento24h.com\\\/?p=8671\"},\"author\":{\"name\":\"sarmiento24h@gmail.com\",\"@id\":\"https:\\\/\\\/sarmiento24h.com\\\/#\\\/schema\\\/person\\\/d653a59725ad629a7e0429af7b939d4d\"},\"headline\":\"Miss Universo y\u00a0Giannina Azar unidas por autismo en la RD\",\"datePublished\":\"2026-01-29T05:03:39+00:00\",\"mainEntityOfPage\":{\"@id\":\"https:\\\/\\\/sarmiento24h.com\\\/?p=8671\"},\"wordCount\":365,\"publisher\":{\"@id\":\"https:\\\/\\\/sarmiento24h.com\\\/#organization\"},\"image\":{\"@id\":\"https:\\\/\\\/sarmiento24h.com\\\/?p=8671#primaryimage\"},\"thumbnailUrl\":\"https:\\\/\\\/sarmiento24h.com\\\/wp-content\\\/uploads\\\/2026\\\/01\\\/miss-universo-y-giannina-azar-unidas-por-autismo-en-la-rd.jpg\",\"articleSection\":[\"Variedades\"],\"inLanguage\":\"es\"},{\"@type\":\"WebPage\",\"@id\":\"https:\\\/\\\/sarmiento24h.com\\\/?p=8671\",\"url\":\"https:\\\/\\\/sarmiento24h.com\\\/?p=8671\",\"name\":\"Miss Universo y\u00a0Giannina Azar unidas por autismo en la RD - Sarmiento24h\",\"isPartOf\":{\"@id\":\"https:\\\/\\\/sarmiento24h.com\\\/#website\"},\"primaryImageOfPage\":{\"@id\":\"https:\\\/\\\/sarmiento24h.com\\\/?p=8671#primaryimage\"},\"image\":{\"@id\":\"https:\\\/\\\/sarmiento24h.com\\\/?p=8671#primaryimage\"},\"thumbnailUrl\":\"https:\\\/\\\/sarmiento24h.com\\\/wp-content\\\/uploads\\\/2026\\\/01\\\/miss-universo-y-giannina-azar-unidas-por-autismo-en-la-rd.jpg\",\"datePublished\":\"2026-01-29T05:03:39+00:00\",\"breadcrumb\":{\"@id\":\"https:\\\/\\\/sarmiento24h.com\\\/?p=8671#breadcrumb\"},\"inLanguage\":\"es\",\"potentialAction\":[{\"@type\":\"ReadAction\",\"target\":[\"https:\\\/\\\/sarmiento24h.com\\\/?p=8671\"]}]},{\"@type\":\"ImageObject\",\"inLanguage\":\"es\",\"@id\":\"https:\\\/\\\/sarmiento24h.com\\\/?p=8671#primaryimage\",\"url\":\"https:\\\/\\\/sarmiento24h.com\\\/wp-content\\\/uploads\\\/2026\\\/01\\\/miss-universo-y-giannina-azar-unidas-por-autismo-en-la-rd.jpg\",\"contentUrl\":\"https:\\\/\\\/sarmiento24h.com\\\/wp-content\\\/uploads\\\/2026\\\/01\\\/miss-universo-y-giannina-azar-unidas-por-autismo-en-la-rd.jpg\",\"width\":2000,\"height\":1333},{\"@type\":\"BreadcrumbList\",\"@id\":\"https:\\\/\\\/sarmiento24h.com\\\/?p=8671#breadcrumb\",\"itemListElement\":[{\"@type\":\"ListItem\",\"position\":1,\"name\":\"Home\",\"item\":\"https:\\\/\\\/sarmiento24h.com\\\/\"},{\"@type\":\"ListItem\",\"position\":2,\"name\":\"Miss Universo y\u00a0Giannina Azar unidas por autismo en la RD\"}]},{\"@type\":\"WebSite\",\"@id\":\"https:\\\/\\\/sarmiento24h.com\\\/#website\",\"url\":\"https:\\\/\\\/sarmiento24h.com\\\/\",\"name\":\"Sarmiento24h\",\"description\":\"\",\"publisher\":{\"@id\":\"https:\\\/\\\/sarmiento24h.com\\\/#organization\"},\"potentialAction\":[{\"@type\":\"SearchAction\",\"target\":{\"@type\":\"EntryPoint\",\"urlTemplate\":\"https:\\\/\\\/sarmiento24h.com\\\/?s={search_term_string}\"},\"query-input\":{\"@type\":\"PropertyValueSpecification\",\"valueRequired\":true,\"valueName\":\"search_term_string\"}}],\"inLanguage\":\"es\"},{\"@type\":\"Organization\",\"@id\":\"https:\\\/\\\/sarmiento24h.com\\\/#organization\",\"name\":\"Sarmiento24h\",\"url\":\"https:\\\/\\\/sarmiento24h.com\\\/\",\"logo\":{\"@type\":\"ImageObject\",\"inLanguage\":\"es\",\"@id\":\"https:\\\/\\\/sarmiento24h.com\\\/#\\\/schema\\\/logo\\\/image\\\/\",\"url\":\"https:\\\/\\\/sarmiento24h.com\\\/wp-content\\\/uploads\\\/2025\\\/12\\\/AddText_12-16-10.30.52.jpg\",\"contentUrl\":\"https:\\\/\\\/sarmiento24h.com\\\/wp-content\\\/uploads\\\/2025\\\/12\\\/AddText_12-16-10.30.52.jpg\",\"width\":1220,\"height\":324,\"caption\":\"Sarmiento24h\"},\"image\":{\"@id\":\"https:\\\/\\\/sarmiento24h.com\\\/#\\\/schema\\\/logo\\\/image\\\/\"},\"sameAs\":[\"https:\\\/\\\/facebook.com\\\/s24hnoticias\",\"https:\\\/\\\/x.com\\\/sarmiento24h\"]},{\"@type\":\"Person\",\"@id\":\"https:\\\/\\\/sarmiento24h.com\\\/#\\\/schema\\\/person\\\/d653a59725ad629a7e0429af7b939d4d\",\"name\":\"sarmiento24h@gmail.com\",\"image\":{\"@type\":\"ImageObject\",\"inLanguage\":\"es\",\"@id\":\"https:\\\/\\\/sarmiento24h.com\\\/wp-content\\\/litespeed\\\/avatar\\\/d02cbc4e23c747e6659cd45907173c8f.jpg?ver=1777157796\",\"url\":\"https:\\\/\\\/sarmiento24h.com\\\/wp-content\\\/litespeed\\\/avatar\\\/d02cbc4e23c747e6659cd45907173c8f.jpg?ver=1777157796\",\"contentUrl\":\"https:\\\/\\\/sarmiento24h.com\\\/wp-content\\\/litespeed\\\/avatar\\\/d02cbc4e23c747e6659cd45907173c8f.jpg?ver=1777157796\",\"caption\":\"sarmiento24h@gmail.com\"},\"sameAs\":[\"https:\\\/\\\/sarmiento24h.com\"],\"url\":\"https:\\\/\\\/sarmiento24h.com\\\/?author=1\"}]}<\/script>\n<!-- \/ Yoast SEO plugin. -->","yoast_head_json":{"title":"Miss Universo y\u00a0Giannina Azar unidas por autismo en la RD - Sarmiento24h","robots":{"index":"index","follow":"follow","max-snippet":"max-snippet:-1","max-image-preview":"max-image-preview:large","max-video-preview":"max-video-preview:-1"},"canonical":"https:\/\/sarmiento24h.com\/?p=8671","og_locale":"es_ES","og_type":"article","og_title":"Miss Universo y\u00a0Giannina Azar unidas por autismo en la RD - Sarmiento24h","og_description":"Marta Amengual, S\u00f3crates McKinney, Giannina Azar, F\u00e1tima&#46;&#46;&#46;","og_url":"https:\/\/sarmiento24h.com\/?p=8671","og_site_name":"Sarmiento24h","article_publisher":"https:\/\/facebook.com\/s24hnoticias","article_published_time":"2026-01-29T05:03:39+00:00","og_image":[{"width":2000,"height":1333,"url":"https:\/\/sarmiento24h.com\/wp-content\/uploads\/2026\/01\/miss-universo-y-giannina-azar-unidas-por-autismo-en-la-rd.jpg","type":"image\/jpeg"}],"author":"sarmiento24h@gmail.com","twitter_card":"summary_large_image","twitter_creator":"@sarmiento24h","twitter_site":"@sarmiento24h","twitter_misc":{"Escrito por":"sarmiento24h@gmail.com","Tiempo de lectura":"2 minutos"},"schema":{"@context":"https:\/\/schema.org","@graph":[{"@type":"Article","@id":"https:\/\/sarmiento24h.com\/?p=8671#article","isPartOf":{"@id":"https:\/\/sarmiento24h.com\/?p=8671"},"author":{"name":"sarmiento24h@gmail.com","@id":"https:\/\/sarmiento24h.com\/#\/schema\/person\/d653a59725ad629a7e0429af7b939d4d"},"headline":"Miss Universo y\u00a0Giannina Azar unidas por autismo en la RD","datePublished":"2026-01-29T05:03:39+00:00","mainEntityOfPage":{"@id":"https:\/\/sarmiento24h.com\/?p=8671"},"wordCount":365,"publisher":{"@id":"https:\/\/sarmiento24h.com\/#organization"},"image":{"@id":"https:\/\/sarmiento24h.com\/?p=8671#primaryimage"},"thumbnailUrl":"https:\/\/sarmiento24h.com\/wp-content\/uploads\/2026\/01\/miss-universo-y-giannina-azar-unidas-por-autismo-en-la-rd.jpg","articleSection":["Variedades"],"inLanguage":"es"},{"@type":"WebPage","@id":"https:\/\/sarmiento24h.com\/?p=8671","url":"https:\/\/sarmiento24h.com\/?p=8671","name":"Miss Universo y\u00a0Giannina Azar unidas por autismo en la RD - Sarmiento24h","isPartOf":{"@id":"https:\/\/sarmiento24h.com\/#website"},"primaryImageOfPage":{"@id":"https:\/\/sarmiento24h.com\/?p=8671#primaryimage"},"image":{"@id":"https:\/\/sarmiento24h.com\/?p=8671#primaryimage"},"thumbnailUrl":"https:\/\/sarmiento24h.com\/wp-content\/uploads\/2026\/01\/miss-universo-y-giannina-azar-unidas-por-autismo-en-la-rd.jpg","datePublished":"2026-01-29T05:03:39+00:00","breadcrumb":{"@id":"https:\/\/sarmiento24h.com\/?p=8671#breadcrumb"},"inLanguage":"es","potentialAction":[{"@type":"ReadAction","target":["https:\/\/sarmiento24h.com\/?p=8671"]}]},{"@type":"ImageObject","inLanguage":"es","@id":"https:\/\/sarmiento24h.com\/?p=8671#primaryimage","url":"https:\/\/sarmiento24h.com\/wp-content\/uploads\/2026\/01\/miss-universo-y-giannina-azar-unidas-por-autismo-en-la-rd.jpg","contentUrl":"https:\/\/sarmiento24h.com\/wp-content\/uploads\/2026\/01\/miss-universo-y-giannina-azar-unidas-por-autismo-en-la-rd.jpg","width":2000,"height":1333},{"@type":"BreadcrumbList","@id":"https:\/\/sarmiento24h.com\/?p=8671#breadcrumb","itemListElement":[{"@type":"ListItem","position":1,"name":"Home","item":"https:\/\/sarmiento24h.com\/"},{"@type":"ListItem","position":2,"name":"Miss Universo y\u00a0Giannina Azar unidas por autismo en la RD"}]},{"@type":"WebSite","@id":"https:\/\/sarmiento24h.com\/#website","url":"https:\/\/sarmiento24h.com\/","name":"Sarmiento24h","description":"","publisher":{"@id":"https:\/\/sarmiento24h.com\/#organization"},"potentialAction":[{"@type":"SearchAction","target":{"@type":"EntryPoint","urlTemplate":"https:\/\/sarmiento24h.com\/?s={search_term_string}"},"query-input":{"@type":"PropertyValueSpecification","valueRequired":true,"valueName":"search_term_string"}}],"inLanguage":"es"},{"@type":"Organization","@id":"https:\/\/sarmiento24h.com\/#organization","name":"Sarmiento24h","url":"https:\/\/sarmiento24h.com\/","logo":{"@type":"ImageObject","inLanguage":"es","@id":"https:\/\/sarmiento24h.com\/#\/schema\/logo\/image\/","url":"https:\/\/sarmiento24h.com\/wp-content\/uploads\/2025\/12\/AddText_12-16-10.30.52.jpg","contentUrl":"https:\/\/sarmiento24h.com\/wp-content\/uploads\/2025\/12\/AddText_12-16-10.30.52.jpg","width":1220,"height":324,"caption":"Sarmiento24h"},"image":{"@id":"https:\/\/sarmiento24h.com\/#\/schema\/logo\/image\/"},"sameAs":["https:\/\/facebook.com\/s24hnoticias","https:\/\/x.com\/sarmiento24h"]},{"@type":"Person","@id":"https:\/\/sarmiento24h.com\/#\/schema\/person\/d653a59725ad629a7e0429af7b939d4d","name":"sarmiento24h@gmail.com","image":{"@type":"ImageObject","inLanguage":"es","@id":"https:\/\/sarmiento24h.com\/wp-content\/litespeed\/avatar\/d02cbc4e23c747e6659cd45907173c8f.jpg?ver=1777157796","url":"https:\/\/sarmiento24h.com\/wp-content\/litespeed\/avatar\/d02cbc4e23c747e6659cd45907173c8f.jpg?ver=1777157796","contentUrl":"https:\/\/sarmiento24h.com\/wp-content\/litespeed\/avatar\/d02cbc4e23c747e6659cd45907173c8f.jpg?ver=1777157796","caption":"sarmiento24h@gmail.com"},"sameAs":["https:\/\/sarmiento24h.com"],"url":"https:\/\/sarmiento24h.com\/?author=1"}]}},"jetpack_publicize_connections":[],"jetpack_featured_media_url":"https:\/\/sarmiento24h.com\/wp-content\/uploads\/2026\/01\/miss-universo-y-giannina-azar-unidas-por-autismo-en-la-rd.jpg","jetpack_sharing_enabled":true,"_links":{"self":[{"href":"https:\/\/sarmiento24h.com\/index.php?rest_route=\/wp\/v2\/posts\/8671","targetHints":{"allow":["GET"]}}],"collection":[{"href":"https:\/\/sarmiento24h.com\/index.php?rest_route=\/wp\/v2\/posts"}],"about":[{"href":"https:\/\/sarmiento24h.com\/index.php?rest_route=\/wp\/v2\/types\/post"}],"author":[{"embeddable":true,"href":"https:\/\/sarmiento24h.com\/index.php?rest_route=\/wp\/v2\/users\/1"}],"replies":[{"embeddable":true,"href":"https:\/\/sarmiento24h.com\/index.php?rest_route=%2Fwp%2Fv2%2Fcomments&post=8671"}],"version-history":[{"count":0,"href":"https:\/\/sarmiento24h.com\/index.php?rest_route=\/wp\/v2\/posts\/8671\/revisions"}],"wp:featuredmedia":[{"embeddable":true,"href":"https:\/\/sarmiento24h.com\/index.php?rest_route=\/wp\/v2\/media\/8672"}],"wp:attachment":[{"href":"https:\/\/sarmiento24h.com\/index.php?rest_route=%2Fwp%2Fv2%2Fmedia&parent=8671"}],"wp:term":[{"taxonomy":"category","embeddable":true,"href":"https:\/\/sarmiento24h.com\/index.php?rest_route=%2Fwp%2Fv2%2Fcategories&post=8671"},{"taxonomy":"post_tag","embeddable":true,"href":"https:\/\/sarmiento24h.com\/index.php?rest_route=%2Fwp%2Fv2%2Ftags&post=8671"}],"curies":[{"name":"wp","href":"https:\/\/api.w.org\/{rel}","templated":true}]}}