{"id":87245,"date":"2026-03-27T18:07:56","date_gmt":"2026-03-27T18:07:56","guid":{"rendered":"http:\/\/e42b7dea-2957-11f1-a484-6b511135db7b"},"modified":"2026-03-27T18:07:56","modified_gmt":"2026-03-27T18:07:56","slug":"es-urgente-desescalar-la-tension-en-el-estrecho-de-ormuz-jefe-de-la-omi-en-france-24","status":"publish","type":"post","link":"https:\/\/sarmiento24h.com\/?p=87245","title":{"rendered":"\u2018Es urgente desescalar la tensi\u00f3n en el estrecho de Ormuz\u2019: jefe de la OMI en France 24"},"content":{"rendered":"<div class=\"m-master-tag\">\n<p> <span class=\"a-section-color\"><\/span> Medio Oriente <\/p>\n<\/p><\/div>\n<div class=\"t-content__main-media\" data-media-video-0fafe0a7-891d-46f6-91b4-203214410616 data-wrapper-video-player data-show-hidden-video-player=\"0FAFE0A7-891D-46F6-91B4-203214410616\" data-autoplay-video-link data-youtube-script>\n<div class=\"o-em-consent \" readability=\"7\">\n<div class=\"o-em-consent__content\" readability=\"9\">\n<p class=\"o-em-consent__content__text\">Para mostrar este contenido de YouTube, debe autorizar las cookies de medici\u00f3n de audiencia y publicidad.<\/p>\n<p> <button class=\"a-master-button a-master-button--dark\" data-action=\"accept\"> Aceptar <svg class=\"a-svg a-svg--icon-check\"> <use xlink:href=\"\/build\/images\/svg\/sprite.c98bf387c90bc4a87186b0b783f15ba0.svg#icon-check\" href=\"\/build\/images\/svg\/sprite.c98bf387c90bc4a87186b0b783f15ba0.svg#icon-check\" \/> <\/svg> <\/button> <button class=\"a-link\" data-action=\"manage\">Gestionar mis opciones<i class=\"a-svg a-svg--icon-edit\"><\/i><\/button> <\/div>\n<\/div>\n<div class=\"o-em-adblock\" data-adblock-content readability=\"7\">\n<div class=\"o-em-adblock__content\" readability=\"9\">\n<p class=\"o-em-adblock__content__text\">Una extensi\u00f3n de tu navegador parece estar bloqueando la carga del reproductor de video. Para poder ver este contenido, debes desactivarla en este sitio.<\/p>\n<p> <button class=\"a-master-button a-master-button--dark\" data-action=\"reload\">Reintentar<\/button> <\/div>\n<\/div>\n<figure class=\"m-item-image m-item-image--16x9 m-item-image--has-caption\"> <picture class=\"a-picture a-picture--16x9\"><source type=\"image\/webp\" srcset=\"https:\/\/s.france24.com\/media\/display\/815d7a76-29a5-11f1-a3c8-005056bf30b7\/w:388\/p:16x9\/capture-23649455169c6226fc780c7-27107279.webp 388w, https:\/\/s.france24.com\/media\/display\/815d7a76-29a5-11f1-a3c8-005056bf30b7\/w:720\/p:16x9\/capture-23649455169c6226fc780c7-27107279.webp 720w, https:\/\/s.france24.com\/media\/display\/815d7a76-29a5-11f1-a3c8-005056bf30b7\/w:1024\/p:16x9\/capture-23649455169c6226fc780c7-27107279.webp 1024w\" sizes=\"(max-width: 1076px) 100vw, 1012px\"><img fetchpriority=\"high\" decoding=\"auto\" src=\"https:\/\/sarmiento24h.com\/wp-content\/uploads\/2026\/03\/es-urgente-desescalar-la-tension-en-el-estrecho-de-ormuz-jefe-de-la-omi-en-france-24.jpg\" srcset=\"https:\/\/sarmiento24h.com\/wp-content\/uploads\/2026\/03\/es-urgente-desescalar-la-tension-en-el-estrecho-de-ormuz-jefe-de-la-omi-en-france-24-1.jpg 388w, https:\/\/sarmiento24h.com\/wp-content\/uploads\/2026\/03\/es-urgente-desescalar-la-tension-en-el-estrecho-de-ormuz-jefe-de-la-omi-en-france-24-2.jpg 720w, https:\/\/sarmiento24h.com\/wp-content\/uploads\/2026\/03\/es-urgente-desescalar-la-tension-en-el-estrecho-de-ormuz-jefe-de-la-omi-en-france-24.jpg 1024w\" sizes=\"(max-width: 1076px) 100vw, 1012px\" width=\"1024\" height=\"576\" alt=\"Jefe de la OMI en France 24: \u2018Es urgente desescalar la tensi\u00f3n en el estrecho de Ormuz\u2019\" loading=\"eager\" class=\"a-img \">\n<\/picture><figcaption class=\"a-figcaption\"> <span>Jefe de la OMI en France 24: \u2018Es urgente desescalar la tensi\u00f3n en el estrecho de Ormuz\u2019<\/span> <span>\u00a9 France 24<\/span> <\/figcaption><\/figure>\n<\/p><\/div>\n<div class=\"t-content__metadata\" readability=\"6\">\n<div class=\"t-content__dates\" readability=\"7\">\n<p class=\"m-pub-dates\"><span class=\"m-pub-dates__date\">Primera modificaci\u00f3n: <time datetime=\"2026-03-27T17:56:44+00:00\" pubdate=\"pubdate\">27\/03\/2026 &#8211; 18:56<\/time><\/span><\/p>\n<\/p><\/div>\n<p> <svg class=\"a-svg a-svg--icon-replay\"> <use xlink:href=\"\/build\/images\/svg\/sprite.c98bf387c90bc4a87186b0b783f15ba0.svg#icon-replay\" href=\"\/build\/images\/svg\/sprite.c98bf387c90bc4a87186b0b783f15ba0.svg#icon-replay\" \/> <\/svg> 11:42 min <\/p>\n<\/p><\/div>\n<div class=\"t-content__page-cta\">\n<div class=\"a-audio-player-btn a-audio-player-btn--skeleton a-audio-player-btn--cta\" data-root-audio-player-button data-short-lived-vue-app data-site-nav-close> <play-media v-bind:current-media=\"mediaId\" v-bind:is-player-playing=\"isPlayerPlaying\" media-id=\"0FAFE0A7-891D-46F6-91B4-203214410616\" v-on:emitted-click=\"playOrPause\" class=\"a-picto-play-pause a-master-button a-master-button--dark\" play-class=\"a-picto-play-pause--play\" pause-class=\"a-picto-play-pause--pause\" play-title pause-title page-url :smaller-icons=\"false\" :add-editions-automatically=\"false\" :is-live=\"false\" data-label> <template> <span class=\"a-audio-player-btn__label\">Escuchar (11:42 min) <\/span> <\/template> <span class=\"a-svg a-svg--icon-audio\"> <\/span> <template> <span class=\"a-svg a-svg--icon-pause\"> <\/span> <\/template> <\/play-media> <\/div>\n<\/p><\/div>\n<p> <a href=\"https:\/\/www.france24.com\/es\/programas\/entrevista\/\" class=\"t-content__program m-program\"> <\/p>\n<p>Viene del show<\/p>\n<p> <svg class=\"a-svg a-svg--icon-caret-right a-svg--rotate-minus-90\"> <use xlink:href=\"\/build\/images\/svg\/sprite.c98bf387c90bc4a87186b0b783f15ba0.svg#icon-caret-down\" href=\"\/build\/images\/svg\/sprite.c98bf387c90bc4a87186b0b783f15ba0.svg#icon-caret-down\" \/> <\/svg> <picture class=\"a-picture a-picture--original\"> <img fetchpriority=\"low\" decoding=\"async\" src=\"https:\/\/s.france24.com\/media\/display\/965c5dd2-1037-11ee-a14a-005056bf30b7\/ES-la-entrevista.svg\" srcset=\"https:\/\/s.france24.com\/media\/display\/965c5dd2-1037-11ee-a14a-005056bf30b7\/ES-la-entrevista.svg\" alt=\"La Entrevista\" loading=\"lazy\" class=\"a-img a-img--svg\">\n<\/picture> <\/a> <\/p>\n<p> <svg class=\"a-svg a-svg--icon-clock\"> <use xlink:href=\"\/build\/images\/svg\/sprite.c98bf387c90bc4a87186b0b783f15ba0.svg#icon-clock\" href=\"\/build\/images\/svg\/sprite.c98bf387c90bc4a87186b0b783f15ba0.svg#icon-clock\" \/> <\/svg> <span class=\"t-content__reading-time__label\">Tiempo de lectura<\/span> 1 min<\/p>\n<p class=\"t-content__chapo\"> En una entrevista exclusiva con France 24, Arsenio Dom\u00ednguez, secretario general de la Organizaci\u00f3n Mar\u00edtima Internacional (OMI), hace un urgente llamado para desescalar el conflicto en el estrecho de Ormuz, vital para el comercio global. Dom\u00ednguez explica que antes del conflicto, \u2018transitaban hasta 130 buques diarios por esta zona\u2019 , y destac\u00f3 que Ir\u00e1n sigue permitiendo el paso de embarcaciones no vinculadas a Estados Unidos e Israel, a pesar de la creciente tensi\u00f3n en la regi\u00f3n. <\/p>\n","protected":false},"excerpt":{"rendered":"<p>Medio Oriente Para mostrar este contenido de&#46;&#46;&#46;<\/p>\n","protected":false},"author":1,"featured_media":87246,"comment_status":"closed","ping_status":"closed","sticky":false,"template":"","format":"standard","meta":{"_jetpack_newsletter_access":"","_jetpack_dont_email_post_to_subs":false,"_jetpack_newsletter_tier_id":0,"_jetpack_memberships_contains_paywalled_content":false,"_jetpack_feature_clip_id":0,"_jetpack_memberships_contains_paid_content":false,"footnotes":"","jetpack_publicize_message":"","jetpack_publicize_feature_enabled":true,"jetpack_social_post_already_shared":true,"jetpack_social_options":{"image_generator_settings":{"template":"highway","default_image_id":0,"font":"","enabled":false},"version":2},"jetpack_post_was_ever_published":false},"categories":[43],"tags":[],"class_list":["post-87245","post","type-post","status-publish","format-standard","has-post-thumbnail","hentry","category-internacionales"],"yoast_head":"<!-- This site is optimized with the Yoast SEO plugin v28.1 - https:\/\/yoast.com\/product\/yoast-seo-wordpress\/ -->\n<title>\u2018Es urgente desescalar la tensi\u00f3n en el estrecho de Ormuz\u2019: jefe de la OMI en France 24 - Sarmiento24h<\/title>\n<meta name=\"robots\" content=\"index, follow, max-snippet:-1, max-image-preview:large, max-video-preview:-1\" \/>\n<link rel=\"canonical\" href=\"https:\/\/sarmiento24h.com\/?p=87245\" \/>\n<meta property=\"og:locale\" content=\"es_ES\" \/>\n<meta property=\"og:type\" content=\"article\" \/>\n<meta property=\"og:title\" content=\"\u2018Es urgente desescalar la tensi\u00f3n en el estrecho de Ormuz\u2019: jefe de la OMI en France 24 - Sarmiento24h\" \/>\n<meta property=\"og:description\" content=\"Medio Oriente Para mostrar este contenido de&#046;&#046;&#046;\" \/>\n<meta property=\"og:url\" content=\"https:\/\/sarmiento24h.com\/?p=87245\" \/>\n<meta property=\"og:site_name\" content=\"Sarmiento24h\" \/>\n<meta property=\"article:publisher\" content=\"https:\/\/facebook.com\/s24hnoticias\" \/>\n<meta property=\"article:published_time\" content=\"2026-03-27T18:07:56+00:00\" \/>\n<meta property=\"og:image\" content=\"https:\/\/sarmiento24h.com\/wp-content\/uploads\/2026\/03\/es-urgente-desescalar-la-tension-en-el-estrecho-de-ormuz-jefe-de-la-omi-en-france-24.jpg\" \/>\n\t<meta property=\"og:image:width\" content=\"1024\" \/>\n\t<meta property=\"og:image:height\" content=\"576\" \/>\n\t<meta property=\"og:image:type\" content=\"image\/jpeg\" \/>\n<meta name=\"author\" content=\"sarmiento24h@gmail.com\" \/>\n<meta name=\"twitter:card\" content=\"summary_large_image\" \/>\n<meta name=\"twitter:creator\" content=\"@sarmiento24h\" \/>\n<meta name=\"twitter:site\" content=\"@sarmiento24h\" \/>\n<meta name=\"twitter:label1\" content=\"Escrito por\" \/>\n\t<meta name=\"twitter:data1\" content=\"sarmiento24h@gmail.com\" \/>\n\t<meta name=\"twitter:label2\" content=\"Tiempo de lectura\" \/>\n\t<meta name=\"twitter:data2\" content=\"1 minuto\" \/>\n<script type=\"application\/ld+json\" class=\"yoast-schema-graph\">{\"@context\":\"https:\\\/\\\/schema.org\",\"@graph\":[{\"@type\":\"Article\",\"@id\":\"https:\\\/\\\/sarmiento24h.com\\\/?p=87245#article\",\"isPartOf\":{\"@id\":\"https:\\\/\\\/sarmiento24h.com\\\/?p=87245\"},\"author\":{\"name\":\"sarmiento24h@gmail.com\",\"@id\":\"https:\\\/\\\/sarmiento24h.com\\\/#\\\/schema\\\/person\\\/d653a59725ad629a7e0429af7b939d4d\"},\"headline\":\"\u2018Es urgente desescalar la tensi\u00f3n en el estrecho de Ormuz\u2019: jefe de la OMI en France 24\",\"datePublished\":\"2026-03-27T18:07:56+00:00\",\"mainEntityOfPage\":{\"@id\":\"https:\\\/\\\/sarmiento24h.com\\\/?p=87245\"},\"wordCount\":178,\"publisher\":{\"@id\":\"https:\\\/\\\/sarmiento24h.com\\\/#organization\"},\"image\":{\"@id\":\"https:\\\/\\\/sarmiento24h.com\\\/?p=87245#primaryimage\"},\"thumbnailUrl\":\"https:\\\/\\\/sarmiento24h.com\\\/wp-content\\\/uploads\\\/2026\\\/03\\\/es-urgente-desescalar-la-tension-en-el-estrecho-de-ormuz-jefe-de-la-omi-en-france-24.jpg\",\"articleSection\":[\"Internacionales\"],\"inLanguage\":\"es\"},{\"@type\":\"WebPage\",\"@id\":\"https:\\\/\\\/sarmiento24h.com\\\/?p=87245\",\"url\":\"https:\\\/\\\/sarmiento24h.com\\\/?p=87245\",\"name\":\"\u2018Es urgente desescalar la tensi\u00f3n en el estrecho de Ormuz\u2019: jefe de la OMI en France 24 - Sarmiento24h\",\"isPartOf\":{\"@id\":\"https:\\\/\\\/sarmiento24h.com\\\/#website\"},\"primaryImageOfPage\":{\"@id\":\"https:\\\/\\\/sarmiento24h.com\\\/?p=87245#primaryimage\"},\"image\":{\"@id\":\"https:\\\/\\\/sarmiento24h.com\\\/?p=87245#primaryimage\"},\"thumbnailUrl\":\"https:\\\/\\\/sarmiento24h.com\\\/wp-content\\\/uploads\\\/2026\\\/03\\\/es-urgente-desescalar-la-tension-en-el-estrecho-de-ormuz-jefe-de-la-omi-en-france-24.jpg\",\"datePublished\":\"2026-03-27T18:07:56+00:00\",\"breadcrumb\":{\"@id\":\"https:\\\/\\\/sarmiento24h.com\\\/?p=87245#breadcrumb\"},\"inLanguage\":\"es\",\"potentialAction\":[{\"@type\":\"ReadAction\",\"target\":[\"https:\\\/\\\/sarmiento24h.com\\\/?p=87245\"]}]},{\"@type\":\"ImageObject\",\"inLanguage\":\"es\",\"@id\":\"https:\\\/\\\/sarmiento24h.com\\\/?p=87245#primaryimage\",\"url\":\"https:\\\/\\\/sarmiento24h.com\\\/wp-content\\\/uploads\\\/2026\\\/03\\\/es-urgente-desescalar-la-tension-en-el-estrecho-de-ormuz-jefe-de-la-omi-en-france-24.jpg\",\"contentUrl\":\"https:\\\/\\\/sarmiento24h.com\\\/wp-content\\\/uploads\\\/2026\\\/03\\\/es-urgente-desescalar-la-tension-en-el-estrecho-de-ormuz-jefe-de-la-omi-en-france-24.jpg\",\"width\":1024,\"height\":576},{\"@type\":\"BreadcrumbList\",\"@id\":\"https:\\\/\\\/sarmiento24h.com\\\/?p=87245#breadcrumb\",\"itemListElement\":[{\"@type\":\"ListItem\",\"position\":1,\"name\":\"Home\",\"item\":\"https:\\\/\\\/sarmiento24h.com\\\/\"},{\"@type\":\"ListItem\",\"position\":2,\"name\":\"\u2018Es urgente desescalar la tensi\u00f3n en el estrecho de Ormuz\u2019: jefe de la OMI en France 24\"}]},{\"@type\":\"WebSite\",\"@id\":\"https:\\\/\\\/sarmiento24h.com\\\/#website\",\"url\":\"https:\\\/\\\/sarmiento24h.com\\\/\",\"name\":\"Sarmiento24h\",\"description\":\"\",\"publisher\":{\"@id\":\"https:\\\/\\\/sarmiento24h.com\\\/#organization\"},\"potentialAction\":[{\"@type\":\"SearchAction\",\"target\":{\"@type\":\"EntryPoint\",\"urlTemplate\":\"https:\\\/\\\/sarmiento24h.com\\\/?s={search_term_string}\"},\"query-input\":{\"@type\":\"PropertyValueSpecification\",\"valueRequired\":true,\"valueName\":\"search_term_string\"}}],\"inLanguage\":\"es\"},{\"@type\":\"Organization\",\"@id\":\"https:\\\/\\\/sarmiento24h.com\\\/#organization\",\"name\":\"Sarmiento24h\",\"url\":\"https:\\\/\\\/sarmiento24h.com\\\/\",\"logo\":{\"@type\":\"ImageObject\",\"inLanguage\":\"es\",\"@id\":\"https:\\\/\\\/sarmiento24h.com\\\/#\\\/schema\\\/logo\\\/image\\\/\",\"url\":\"https:\\\/\\\/sarmiento24h.com\\\/wp-content\\\/uploads\\\/2025\\\/12\\\/AddText_12-16-10.30.52.jpg\",\"contentUrl\":\"https:\\\/\\\/sarmiento24h.com\\\/wp-content\\\/uploads\\\/2025\\\/12\\\/AddText_12-16-10.30.52.jpg\",\"width\":1220,\"height\":324,\"caption\":\"Sarmiento24h\"},\"image\":{\"@id\":\"https:\\\/\\\/sarmiento24h.com\\\/#\\\/schema\\\/logo\\\/image\\\/\"},\"sameAs\":[\"https:\\\/\\\/facebook.com\\\/s24hnoticias\",\"https:\\\/\\\/x.com\\\/sarmiento24h\"]},{\"@type\":\"Person\",\"@id\":\"https:\\\/\\\/sarmiento24h.com\\\/#\\\/schema\\\/person\\\/d653a59725ad629a7e0429af7b939d4d\",\"name\":\"sarmiento24h@gmail.com\",\"image\":{\"@type\":\"ImageObject\",\"inLanguage\":\"es\",\"@id\":\"https:\\\/\\\/sarmiento24h.com\\\/wp-content\\\/litespeed\\\/avatar\\\/d02cbc4e23c747e6659cd45907173c8f.jpg?ver=1788047690\",\"url\":\"https:\\\/\\\/sarmiento24h.com\\\/wp-content\\\/litespeed\\\/avatar\\\/d02cbc4e23c747e6659cd45907173c8f.jpg?ver=1788047690\",\"contentUrl\":\"https:\\\/\\\/sarmiento24h.com\\\/wp-content\\\/litespeed\\\/avatar\\\/d02cbc4e23c747e6659cd45907173c8f.jpg?ver=1788047690\",\"caption\":\"sarmiento24h@gmail.com\"},\"sameAs\":[\"https:\\\/\\\/sarmiento24h.com\"],\"url\":\"https:\\\/\\\/sarmiento24h.com\\\/?author=1\"}]}<\/script>\n<!-- \/ Yoast SEO plugin. -->","yoast_head_json":{"title":"\u2018Es urgente desescalar la tensi\u00f3n en el estrecho de Ormuz\u2019: jefe de la OMI en France 24 - Sarmiento24h","robots":{"index":"index","follow":"follow","max-snippet":"max-snippet:-1","max-image-preview":"max-image-preview:large","max-video-preview":"max-video-preview:-1"},"canonical":"https:\/\/sarmiento24h.com\/?p=87245","og_locale":"es_ES","og_type":"article","og_title":"\u2018Es urgente desescalar la tensi\u00f3n en el estrecho de Ormuz\u2019: jefe de la OMI en France 24 - Sarmiento24h","og_description":"Medio Oriente Para mostrar este contenido de&#46;&#46;&#46;","og_url":"https:\/\/sarmiento24h.com\/?p=87245","og_site_name":"Sarmiento24h","article_publisher":"https:\/\/facebook.com\/s24hnoticias","article_published_time":"2026-03-27T18:07:56+00:00","og_image":[{"width":1024,"height":576,"url":"https:\/\/sarmiento24h.com\/wp-content\/uploads\/2026\/03\/es-urgente-desescalar-la-tension-en-el-estrecho-de-ormuz-jefe-de-la-omi-en-france-24.jpg","type":"image\/jpeg"}],"author":"sarmiento24h@gmail.com","twitter_card":"summary_large_image","twitter_creator":"@sarmiento24h","twitter_site":"@sarmiento24h","twitter_misc":{"Escrito por":"sarmiento24h@gmail.com","Tiempo de lectura":"1 minuto"},"schema":{"@context":"https:\/\/schema.org","@graph":[{"@type":"Article","@id":"https:\/\/sarmiento24h.com\/?p=87245#article","isPartOf":{"@id":"https:\/\/sarmiento24h.com\/?p=87245"},"author":{"name":"sarmiento24h@gmail.com","@id":"https:\/\/sarmiento24h.com\/#\/schema\/person\/d653a59725ad629a7e0429af7b939d4d"},"headline":"\u2018Es urgente desescalar la tensi\u00f3n en el estrecho de Ormuz\u2019: jefe de la OMI en France 24","datePublished":"2026-03-27T18:07:56+00:00","mainEntityOfPage":{"@id":"https:\/\/sarmiento24h.com\/?p=87245"},"wordCount":178,"publisher":{"@id":"https:\/\/sarmiento24h.com\/#organization"},"image":{"@id":"https:\/\/sarmiento24h.com\/?p=87245#primaryimage"},"thumbnailUrl":"https:\/\/sarmiento24h.com\/wp-content\/uploads\/2026\/03\/es-urgente-desescalar-la-tension-en-el-estrecho-de-ormuz-jefe-de-la-omi-en-france-24.jpg","articleSection":["Internacionales"],"inLanguage":"es"},{"@type":"WebPage","@id":"https:\/\/sarmiento24h.com\/?p=87245","url":"https:\/\/sarmiento24h.com\/?p=87245","name":"\u2018Es urgente desescalar la tensi\u00f3n en el estrecho de Ormuz\u2019: jefe de la OMI en France 24 - Sarmiento24h","isPartOf":{"@id":"https:\/\/sarmiento24h.com\/#website"},"primaryImageOfPage":{"@id":"https:\/\/sarmiento24h.com\/?p=87245#primaryimage"},"image":{"@id":"https:\/\/sarmiento24h.com\/?p=87245#primaryimage"},"thumbnailUrl":"https:\/\/sarmiento24h.com\/wp-content\/uploads\/2026\/03\/es-urgente-desescalar-la-tension-en-el-estrecho-de-ormuz-jefe-de-la-omi-en-france-24.jpg","datePublished":"2026-03-27T18:07:56+00:00","breadcrumb":{"@id":"https:\/\/sarmiento24h.com\/?p=87245#breadcrumb"},"inLanguage":"es","potentialAction":[{"@type":"ReadAction","target":["https:\/\/sarmiento24h.com\/?p=87245"]}]},{"@type":"ImageObject","inLanguage":"es","@id":"https:\/\/sarmiento24h.com\/?p=87245#primaryimage","url":"https:\/\/sarmiento24h.com\/wp-content\/uploads\/2026\/03\/es-urgente-desescalar-la-tension-en-el-estrecho-de-ormuz-jefe-de-la-omi-en-france-24.jpg","contentUrl":"https:\/\/sarmiento24h.com\/wp-content\/uploads\/2026\/03\/es-urgente-desescalar-la-tension-en-el-estrecho-de-ormuz-jefe-de-la-omi-en-france-24.jpg","width":1024,"height":576},{"@type":"BreadcrumbList","@id":"https:\/\/sarmiento24h.com\/?p=87245#breadcrumb","itemListElement":[{"@type":"ListItem","position":1,"name":"Home","item":"https:\/\/sarmiento24h.com\/"},{"@type":"ListItem","position":2,"name":"\u2018Es urgente desescalar la tensi\u00f3n en el estrecho de Ormuz\u2019: jefe de la OMI en France 24"}]},{"@type":"WebSite","@id":"https:\/\/sarmiento24h.com\/#website","url":"https:\/\/sarmiento24h.com\/","name":"Sarmiento24h","description":"","publisher":{"@id":"https:\/\/sarmiento24h.com\/#organization"},"potentialAction":[{"@type":"SearchAction","target":{"@type":"EntryPoint","urlTemplate":"https:\/\/sarmiento24h.com\/?s={search_term_string}"},"query-input":{"@type":"PropertyValueSpecification","valueRequired":true,"valueName":"search_term_string"}}],"inLanguage":"es"},{"@type":"Organization","@id":"https:\/\/sarmiento24h.com\/#organization","name":"Sarmiento24h","url":"https:\/\/sarmiento24h.com\/","logo":{"@type":"ImageObject","inLanguage":"es","@id":"https:\/\/sarmiento24h.com\/#\/schema\/logo\/image\/","url":"https:\/\/sarmiento24h.com\/wp-content\/uploads\/2025\/12\/AddText_12-16-10.30.52.jpg","contentUrl":"https:\/\/sarmiento24h.com\/wp-content\/uploads\/2025\/12\/AddText_12-16-10.30.52.jpg","width":1220,"height":324,"caption":"Sarmiento24h"},"image":{"@id":"https:\/\/sarmiento24h.com\/#\/schema\/logo\/image\/"},"sameAs":["https:\/\/facebook.com\/s24hnoticias","https:\/\/x.com\/sarmiento24h"]},{"@type":"Person","@id":"https:\/\/sarmiento24h.com\/#\/schema\/person\/d653a59725ad629a7e0429af7b939d4d","name":"sarmiento24h@gmail.com","image":{"@type":"ImageObject","inLanguage":"es","@id":"https:\/\/sarmiento24h.com\/wp-content\/litespeed\/avatar\/d02cbc4e23c747e6659cd45907173c8f.jpg?ver=1788047690","url":"https:\/\/sarmiento24h.com\/wp-content\/litespeed\/avatar\/d02cbc4e23c747e6659cd45907173c8f.jpg?ver=1788047690","contentUrl":"https:\/\/sarmiento24h.com\/wp-content\/litespeed\/avatar\/d02cbc4e23c747e6659cd45907173c8f.jpg?ver=1788047690","caption":"sarmiento24h@gmail.com"},"sameAs":["https:\/\/sarmiento24h.com"],"url":"https:\/\/sarmiento24h.com\/?author=1"}]}},"jetpack_publicize_connections":[],"jetpack_featured_media_url":"https:\/\/sarmiento24h.com\/wp-content\/uploads\/2026\/03\/es-urgente-desescalar-la-tension-en-el-estrecho-de-ormuz-jefe-de-la-omi-en-france-24.jpg","jetpack_sharing_enabled":true,"_links":{"self":[{"href":"https:\/\/sarmiento24h.com\/index.php?rest_route=\/wp\/v2\/posts\/87245","targetHints":{"allow":["GET"]}}],"collection":[{"href":"https:\/\/sarmiento24h.com\/index.php?rest_route=\/wp\/v2\/posts"}],"about":[{"href":"https:\/\/sarmiento24h.com\/index.php?rest_route=\/wp\/v2\/types\/post"}],"author":[{"embeddable":true,"href":"https:\/\/sarmiento24h.com\/index.php?rest_route=\/wp\/v2\/users\/1"}],"replies":[{"embeddable":true,"href":"https:\/\/sarmiento24h.com\/index.php?rest_route=%2Fwp%2Fv2%2Fcomments&post=87245"}],"version-history":[{"count":0,"href":"https:\/\/sarmiento24h.com\/index.php?rest_route=\/wp\/v2\/posts\/87245\/revisions"}],"wp:featuredmedia":[{"embeddable":true,"href":"https:\/\/sarmiento24h.com\/index.php?rest_route=\/wp\/v2\/media\/87246"}],"wp:attachment":[{"href":"https:\/\/sarmiento24h.com\/index.php?rest_route=%2Fwp%2Fv2%2Fmedia&parent=87245"}],"wp:term":[{"taxonomy":"category","embeddable":true,"href":"https:\/\/sarmiento24h.com\/index.php?rest_route=%2Fwp%2Fv2%2Fcategories&post=87245"},{"taxonomy":"post_tag","embeddable":true,"href":"https:\/\/sarmiento24h.com\/index.php?rest_route=%2Fwp%2Fv2%2Ftags&post=87245"}],"curies":[{"name":"wp","href":"https:\/\/api.w.org\/{rel}","templated":true}]}}