{"id":91913,"date":"2026-03-30T00:46:57","date_gmt":"2026-03-30T00:46:57","guid":{"rendered":"https:\/\/noticiassin.com\/?p=1971976"},"modified":"2026-03-30T00:46:57","modified_gmt":"2026-03-30T00:46:57","slug":"ministro-trabajo-informa-republica-dominicana-y-suiza-preparan-acuerdo-de-seguridad-social","status":"publish","type":"post","link":"https:\/\/sarmiento24h.com\/?p=91913","title":{"rendered":"Ministro Trabajo informa Rep\u00fablica Dominicana y Suiza preparan acuerdo de seguridad social"},"content":{"rendered":"<div><img decoding=\"async\" src=\"https:\/\/sarmiento24h.com\/wp-content\/uploads\/2026\/03\/ministro-trabajo-informa-republica-dominicana-y-suiza-preparan-acuerdo-de-seguridad-social.jpg\" class=\"ff-og-image-inserted\"><\/div>\n<p>Suiza.\u2013 El <strong>ministro<\/strong> de <strong>Trabajo<\/strong>, <strong>Eddy Olivares Ortega<\/strong>, sostuvo una reuni\u00f3n de alto nivel con autoridades de la <strong>Confederaci\u00f3n Suiza<\/strong>, en la que se abordaron importantes iniciativas orientadas a fortalecer la cooperaci\u00f3n bilateral en materia laboral y de seguridad social.<\/p>\n<p>El encuentro se celebr\u00f3 en la sede del <strong>Departamento Federal de Asuntos Exteriores<\/strong> (<strong>DFAE<\/strong>) en <strong>Berna<\/strong>, y cont\u00f3 con la participaci\u00f3n de <strong>Fran\u00e7ois Voeffray Peyro<\/strong>, jefe de la Divisi\u00f3n de las Am\u00e9ricas; <strong>Herv\u00e9 Lohr<\/strong>, ministro y encargado de las Am\u00e9ricas; as\u00ed como <strong>Marcus Rothen<\/strong>, ministro y subdirector de dicha divisi\u00f3n, <strong>Patrick Meier<\/strong>, de la <strong>Secretar\u00eda de Estado de Asuntos Econ\u00f3micos<\/strong> (<strong>SECO<\/strong>), y <strong>Kati Fr\u00e9chelin<\/strong>, de la <strong>Oficina Federal de Seguridad Social<\/strong> (<strong>BSV<\/strong>).<\/p>\n<p>El ministro <strong>Olivares<\/strong> estuvo acompa\u00f1ado por <strong>Pablo Valent\u00edn<\/strong>, apreciado embajador de la <strong>Rep\u00fablica Dominicana<\/strong> ante la <strong>Confederaci\u00f3n Suiza<\/strong>.<\/p>\n<p>Uno de los principales temas tratados fue la negociaci\u00f3n de un Convenio de Seguridad Social entre ambos pa\u00edses, que permitir\u00eda a los ciudadanos <strong>dominicanos<\/strong> y <strong>suizos<\/strong> sumar las semanas de cotizaci\u00f3n realizadas en sus respectivos territorios, facilitando el acceso a pensiones y otros beneficios.<\/p>\n<p>El ministro destac\u00f3 que este convenio evitar\u00e1 la interrupci\u00f3n de derechos adquiridos de los trabajadores <strong>suizos<\/strong> y <strong>dominicanos<\/strong> en materia de pensiones y seguros de salud. \u201cEste acuerdo representa un acto importante a favor de la justicia social para los ciudadanos <strong>suizos<\/strong> y <strong>dominicanos<\/strong> que trabajan en los dos pa\u00edses\u201d, expres\u00f3.<\/p>\n<p>Asimismo, con la participaci\u00f3n del embajador <strong>Valent\u00edn<\/strong>, se abord\u00f3 el estado del acuerdo de readmisi\u00f3n de personas entre ambos pa\u00edses.<\/p>\n<p>Las autoridades suizas informaron que est\u00e1n en disposici\u00f3n de firmar el instrumento, tras haber aceptado en 2022 las modificaciones propuestas al borrador presentado inicialmente en 2016, quedando pendiente la posici\u00f3n oficial de la <strong>Rep\u00fablica Dominicana<\/strong>.<\/p>\n<p>Las autoridades suizas valoraron positivamente la calidad de las relaciones bilaterales, destacando el intercambio diplom\u00e1tico sostenido, las visitas oficiales de alto nivel y la cooperaci\u00f3n en m\u00faltiples \u00e1reas. Tambi\u00e9n se resaltaron los hitos hist\u00f3ricos que reflejan d\u00e9cadas de relaciones formales entre ambos pa\u00edses.<\/p>\n<p>En el \u00e1mbito laboral se destac\u00f3 la paz laboral, el notable \u00e9xito del di\u00e1logo tripartito, del cual es un referente, y el rol de la <strong>Rep\u00fablica Dominicana<\/strong> en la <strong>Organizaci\u00f3n Internacional del Trabajo (OIT)<\/strong>, donde el ministro de Trabajo dominicano ocupa un asiento en el Consejo de Administraci\u00f3n en representaci\u00f3n tambi\u00e9n de <strong>Centroam\u00e9rica<\/strong>.<\/p>\n<p>En ese contexto, adem\u00e1s, fue valorada la calidad de la democracia dominicana y el aporte del presidente <strong>Luis Abinader<\/strong> a su consolidaci\u00f3n, la estabilidad social y el crecimiento de la econom\u00eda.<\/p>\n<p>En la reuni\u00f3n tambi\u00e9n participaron <strong>Michel Jeanneret<\/strong>, de la <strong>Secretar\u00eda de Estado de Migraci\u00f3n (SEM)<\/strong>; <strong>Lia Wolf<\/strong>, coordinadora regional adjunta (Caribe); <strong>Janine Borghesi<\/strong>, de la <strong>Divisi\u00f3n de las Am\u00e9ricas<\/strong>; as\u00ed como el viceministro <strong>Franklin Marte<\/strong> y los consejeros <strong>Jos\u00e9 Loreto Juli\u00e1n<\/strong>, encargado de la Secci\u00f3n Pol\u00edtica de la <strong>Embajada Dominicana en Berna<\/strong>, y <strong>Valerine Hern\u00e1ndez<\/strong>, de asuntos jur\u00eddicos de esa misi\u00f3n.<\/p>\n","protected":false},"excerpt":{"rendered":"<p>Suiza.\u2013 El ministro de Trabajo, Eddy Olivares&#46;&#46;&#46;<\/p>\n","protected":false},"author":1,"featured_media":91914,"comment_status":"closed","ping_status":"closed","sticky":false,"template":"","format":"standard","meta":{"_jetpack_newsletter_access":"","_jetpack_dont_email_post_to_subs":false,"_jetpack_newsletter_tier_id":0,"_jetpack_memberships_contains_paywalled_content":false,"_jetpack_feature_clip_id":0,"_jetpack_memberships_contains_paid_content":false,"footnotes":"","jetpack_publicize_message":"","jetpack_publicize_feature_enabled":true,"jetpack_social_post_already_shared":true,"jetpack_social_options":{"image_generator_settings":{"template":"highway","default_image_id":0,"font":"","enabled":false},"version":2},"jetpack_post_was_ever_published":false},"categories":[1],"tags":[],"class_list":["post-91913","post","type-post","status-publish","format-standard","has-post-thumbnail","hentry","category-uncategorized"],"yoast_head":"<!-- This site is optimized with the Yoast SEO plugin v28.1 - https:\/\/yoast.com\/product\/yoast-seo-wordpress\/ -->\n<title>Ministro Trabajo informa Rep\u00fablica Dominicana y Suiza preparan acuerdo de seguridad social - Sarmiento24h<\/title>\n<meta name=\"robots\" content=\"index, follow, max-snippet:-1, max-image-preview:large, max-video-preview:-1\" \/>\n<link rel=\"canonical\" href=\"https:\/\/sarmiento24h.com\/?p=91913\" \/>\n<meta property=\"og:locale\" content=\"es_ES\" \/>\n<meta property=\"og:type\" content=\"article\" \/>\n<meta property=\"og:title\" content=\"Ministro Trabajo informa Rep\u00fablica Dominicana y Suiza preparan acuerdo de seguridad social - Sarmiento24h\" \/>\n<meta property=\"og:description\" content=\"Suiza.\u2013 El ministro de Trabajo, Eddy Olivares&#046;&#046;&#046;\" \/>\n<meta property=\"og:url\" content=\"https:\/\/sarmiento24h.com\/?p=91913\" \/>\n<meta property=\"og:site_name\" content=\"Sarmiento24h\" \/>\n<meta property=\"article:publisher\" content=\"https:\/\/facebook.com\/s24hnoticias\" \/>\n<meta property=\"article:published_time\" content=\"2026-03-30T00:46:57+00:00\" \/>\n<meta property=\"og:image\" content=\"https:\/\/sarmiento24h.com\/wp-content\/uploads\/2026\/03\/ministro-trabajo-informa-republica-dominicana-y-suiza-preparan-acuerdo-de-seguridad-social.jpg\" \/>\n\t<meta property=\"og:image:width\" content=\"1200\" \/>\n\t<meta property=\"og:image:height\" content=\"675\" \/>\n\t<meta property=\"og:image:type\" content=\"image\/jpeg\" \/>\n<meta name=\"author\" content=\"sarmiento24h@gmail.com\" \/>\n<meta name=\"twitter:card\" content=\"summary_large_image\" \/>\n<meta name=\"twitter:creator\" content=\"@sarmiento24h\" \/>\n<meta name=\"twitter:site\" content=\"@sarmiento24h\" \/>\n<meta name=\"twitter:label1\" content=\"Escrito por\" \/>\n\t<meta name=\"twitter:data1\" content=\"sarmiento24h@gmail.com\" \/>\n\t<meta name=\"twitter:label2\" content=\"Tiempo de lectura\" \/>\n\t<meta name=\"twitter:data2\" content=\"3 minutos\" \/>\n<script type=\"application\/ld+json\" class=\"yoast-schema-graph\">{\"@context\":\"https:\\\/\\\/schema.org\",\"@graph\":[{\"@type\":\"Article\",\"@id\":\"https:\\\/\\\/sarmiento24h.com\\\/?p=91913#article\",\"isPartOf\":{\"@id\":\"https:\\\/\\\/sarmiento24h.com\\\/?p=91913\"},\"author\":{\"name\":\"sarmiento24h@gmail.com\",\"@id\":\"https:\\\/\\\/sarmiento24h.com\\\/#\\\/schema\\\/person\\\/d653a59725ad629a7e0429af7b939d4d\"},\"headline\":\"Ministro Trabajo informa Rep\u00fablica Dominicana y Suiza preparan acuerdo de seguridad social\",\"datePublished\":\"2026-03-30T00:46:57+00:00\",\"mainEntityOfPage\":{\"@id\":\"https:\\\/\\\/sarmiento24h.com\\\/?p=91913\"},\"wordCount\":538,\"publisher\":{\"@id\":\"https:\\\/\\\/sarmiento24h.com\\\/#organization\"},\"image\":{\"@id\":\"https:\\\/\\\/sarmiento24h.com\\\/?p=91913#primaryimage\"},\"thumbnailUrl\":\"https:\\\/\\\/sarmiento24h.com\\\/wp-content\\\/uploads\\\/2026\\\/03\\\/ministro-trabajo-informa-republica-dominicana-y-suiza-preparan-acuerdo-de-seguridad-social.jpg\",\"articleSection\":[\"Uncategorized\"],\"inLanguage\":\"es\"},{\"@type\":\"WebPage\",\"@id\":\"https:\\\/\\\/sarmiento24h.com\\\/?p=91913\",\"url\":\"https:\\\/\\\/sarmiento24h.com\\\/?p=91913\",\"name\":\"Ministro Trabajo informa Rep\u00fablica Dominicana y Suiza preparan acuerdo de seguridad social - Sarmiento24h\",\"isPartOf\":{\"@id\":\"https:\\\/\\\/sarmiento24h.com\\\/#website\"},\"primaryImageOfPage\":{\"@id\":\"https:\\\/\\\/sarmiento24h.com\\\/?p=91913#primaryimage\"},\"image\":{\"@id\":\"https:\\\/\\\/sarmiento24h.com\\\/?p=91913#primaryimage\"},\"thumbnailUrl\":\"https:\\\/\\\/sarmiento24h.com\\\/wp-content\\\/uploads\\\/2026\\\/03\\\/ministro-trabajo-informa-republica-dominicana-y-suiza-preparan-acuerdo-de-seguridad-social.jpg\",\"datePublished\":\"2026-03-30T00:46:57+00:00\",\"breadcrumb\":{\"@id\":\"https:\\\/\\\/sarmiento24h.com\\\/?p=91913#breadcrumb\"},\"inLanguage\":\"es\",\"potentialAction\":[{\"@type\":\"ReadAction\",\"target\":[\"https:\\\/\\\/sarmiento24h.com\\\/?p=91913\"]}]},{\"@type\":\"ImageObject\",\"inLanguage\":\"es\",\"@id\":\"https:\\\/\\\/sarmiento24h.com\\\/?p=91913#primaryimage\",\"url\":\"https:\\\/\\\/sarmiento24h.com\\\/wp-content\\\/uploads\\\/2026\\\/03\\\/ministro-trabajo-informa-republica-dominicana-y-suiza-preparan-acuerdo-de-seguridad-social.jpg\",\"contentUrl\":\"https:\\\/\\\/sarmiento24h.com\\\/wp-content\\\/uploads\\\/2026\\\/03\\\/ministro-trabajo-informa-republica-dominicana-y-suiza-preparan-acuerdo-de-seguridad-social.jpg\",\"width\":1200,\"height\":675},{\"@type\":\"BreadcrumbList\",\"@id\":\"https:\\\/\\\/sarmiento24h.com\\\/?p=91913#breadcrumb\",\"itemListElement\":[{\"@type\":\"ListItem\",\"position\":1,\"name\":\"Home\",\"item\":\"https:\\\/\\\/sarmiento24h.com\\\/\"},{\"@type\":\"ListItem\",\"position\":2,\"name\":\"Ministro Trabajo informa Rep\u00fablica Dominicana y Suiza preparan acuerdo de seguridad social\"}]},{\"@type\":\"WebSite\",\"@id\":\"https:\\\/\\\/sarmiento24h.com\\\/#website\",\"url\":\"https:\\\/\\\/sarmiento24h.com\\\/\",\"name\":\"Sarmiento24h\",\"description\":\"\",\"publisher\":{\"@id\":\"https:\\\/\\\/sarmiento24h.com\\\/#organization\"},\"potentialAction\":[{\"@type\":\"SearchAction\",\"target\":{\"@type\":\"EntryPoint\",\"urlTemplate\":\"https:\\\/\\\/sarmiento24h.com\\\/?s={search_term_string}\"},\"query-input\":{\"@type\":\"PropertyValueSpecification\",\"valueRequired\":true,\"valueName\":\"search_term_string\"}}],\"inLanguage\":\"es\"},{\"@type\":\"Organization\",\"@id\":\"https:\\\/\\\/sarmiento24h.com\\\/#organization\",\"name\":\"Sarmiento24h\",\"url\":\"https:\\\/\\\/sarmiento24h.com\\\/\",\"logo\":{\"@type\":\"ImageObject\",\"inLanguage\":\"es\",\"@id\":\"https:\\\/\\\/sarmiento24h.com\\\/#\\\/schema\\\/logo\\\/image\\\/\",\"url\":\"https:\\\/\\\/sarmiento24h.com\\\/wp-content\\\/uploads\\\/2025\\\/12\\\/AddText_12-16-10.30.52.jpg\",\"contentUrl\":\"https:\\\/\\\/sarmiento24h.com\\\/wp-content\\\/uploads\\\/2025\\\/12\\\/AddText_12-16-10.30.52.jpg\",\"width\":1220,\"height\":324,\"caption\":\"Sarmiento24h\"},\"image\":{\"@id\":\"https:\\\/\\\/sarmiento24h.com\\\/#\\\/schema\\\/logo\\\/image\\\/\"},\"sameAs\":[\"https:\\\/\\\/facebook.com\\\/s24hnoticias\",\"https:\\\/\\\/x.com\\\/sarmiento24h\"]},{\"@type\":\"Person\",\"@id\":\"https:\\\/\\\/sarmiento24h.com\\\/#\\\/schema\\\/person\\\/d653a59725ad629a7e0429af7b939d4d\",\"name\":\"sarmiento24h@gmail.com\",\"image\":{\"@type\":\"ImageObject\",\"inLanguage\":\"es\",\"@id\":\"https:\\\/\\\/sarmiento24h.com\\\/wp-content\\\/litespeed\\\/avatar\\\/d02cbc4e23c747e6659cd45907173c8f.jpg?ver=1788047690\",\"url\":\"https:\\\/\\\/sarmiento24h.com\\\/wp-content\\\/litespeed\\\/avatar\\\/d02cbc4e23c747e6659cd45907173c8f.jpg?ver=1788047690\",\"contentUrl\":\"https:\\\/\\\/sarmiento24h.com\\\/wp-content\\\/litespeed\\\/avatar\\\/d02cbc4e23c747e6659cd45907173c8f.jpg?ver=1788047690\",\"caption\":\"sarmiento24h@gmail.com\"},\"sameAs\":[\"https:\\\/\\\/sarmiento24h.com\"],\"url\":\"https:\\\/\\\/sarmiento24h.com\\\/?author=1\"}]}<\/script>\n<!-- \/ Yoast SEO plugin. -->","yoast_head_json":{"title":"Ministro Trabajo informa Rep\u00fablica Dominicana y Suiza preparan acuerdo de seguridad social - Sarmiento24h","robots":{"index":"index","follow":"follow","max-snippet":"max-snippet:-1","max-image-preview":"max-image-preview:large","max-video-preview":"max-video-preview:-1"},"canonical":"https:\/\/sarmiento24h.com\/?p=91913","og_locale":"es_ES","og_type":"article","og_title":"Ministro Trabajo informa Rep\u00fablica Dominicana y Suiza preparan acuerdo de seguridad social - Sarmiento24h","og_description":"Suiza.\u2013 El ministro de Trabajo, Eddy Olivares&#46;&#46;&#46;","og_url":"https:\/\/sarmiento24h.com\/?p=91913","og_site_name":"Sarmiento24h","article_publisher":"https:\/\/facebook.com\/s24hnoticias","article_published_time":"2026-03-30T00:46:57+00:00","og_image":[{"width":1200,"height":675,"url":"https:\/\/sarmiento24h.com\/wp-content\/uploads\/2026\/03\/ministro-trabajo-informa-republica-dominicana-y-suiza-preparan-acuerdo-de-seguridad-social.jpg","type":"image\/jpeg"}],"author":"sarmiento24h@gmail.com","twitter_card":"summary_large_image","twitter_creator":"@sarmiento24h","twitter_site":"@sarmiento24h","twitter_misc":{"Escrito por":"sarmiento24h@gmail.com","Tiempo de lectura":"3 minutos"},"schema":{"@context":"https:\/\/schema.org","@graph":[{"@type":"Article","@id":"https:\/\/sarmiento24h.com\/?p=91913#article","isPartOf":{"@id":"https:\/\/sarmiento24h.com\/?p=91913"},"author":{"name":"sarmiento24h@gmail.com","@id":"https:\/\/sarmiento24h.com\/#\/schema\/person\/d653a59725ad629a7e0429af7b939d4d"},"headline":"Ministro Trabajo informa Rep\u00fablica Dominicana y Suiza preparan acuerdo de seguridad social","datePublished":"2026-03-30T00:46:57+00:00","mainEntityOfPage":{"@id":"https:\/\/sarmiento24h.com\/?p=91913"},"wordCount":538,"publisher":{"@id":"https:\/\/sarmiento24h.com\/#organization"},"image":{"@id":"https:\/\/sarmiento24h.com\/?p=91913#primaryimage"},"thumbnailUrl":"https:\/\/sarmiento24h.com\/wp-content\/uploads\/2026\/03\/ministro-trabajo-informa-republica-dominicana-y-suiza-preparan-acuerdo-de-seguridad-social.jpg","articleSection":["Uncategorized"],"inLanguage":"es"},{"@type":"WebPage","@id":"https:\/\/sarmiento24h.com\/?p=91913","url":"https:\/\/sarmiento24h.com\/?p=91913","name":"Ministro Trabajo informa Rep\u00fablica Dominicana y Suiza preparan acuerdo de seguridad social - Sarmiento24h","isPartOf":{"@id":"https:\/\/sarmiento24h.com\/#website"},"primaryImageOfPage":{"@id":"https:\/\/sarmiento24h.com\/?p=91913#primaryimage"},"image":{"@id":"https:\/\/sarmiento24h.com\/?p=91913#primaryimage"},"thumbnailUrl":"https:\/\/sarmiento24h.com\/wp-content\/uploads\/2026\/03\/ministro-trabajo-informa-republica-dominicana-y-suiza-preparan-acuerdo-de-seguridad-social.jpg","datePublished":"2026-03-30T00:46:57+00:00","breadcrumb":{"@id":"https:\/\/sarmiento24h.com\/?p=91913#breadcrumb"},"inLanguage":"es","potentialAction":[{"@type":"ReadAction","target":["https:\/\/sarmiento24h.com\/?p=91913"]}]},{"@type":"ImageObject","inLanguage":"es","@id":"https:\/\/sarmiento24h.com\/?p=91913#primaryimage","url":"https:\/\/sarmiento24h.com\/wp-content\/uploads\/2026\/03\/ministro-trabajo-informa-republica-dominicana-y-suiza-preparan-acuerdo-de-seguridad-social.jpg","contentUrl":"https:\/\/sarmiento24h.com\/wp-content\/uploads\/2026\/03\/ministro-trabajo-informa-republica-dominicana-y-suiza-preparan-acuerdo-de-seguridad-social.jpg","width":1200,"height":675},{"@type":"BreadcrumbList","@id":"https:\/\/sarmiento24h.com\/?p=91913#breadcrumb","itemListElement":[{"@type":"ListItem","position":1,"name":"Home","item":"https:\/\/sarmiento24h.com\/"},{"@type":"ListItem","position":2,"name":"Ministro Trabajo informa Rep\u00fablica Dominicana y Suiza preparan acuerdo de seguridad social"}]},{"@type":"WebSite","@id":"https:\/\/sarmiento24h.com\/#website","url":"https:\/\/sarmiento24h.com\/","name":"Sarmiento24h","description":"","publisher":{"@id":"https:\/\/sarmiento24h.com\/#organization"},"potentialAction":[{"@type":"SearchAction","target":{"@type":"EntryPoint","urlTemplate":"https:\/\/sarmiento24h.com\/?s={search_term_string}"},"query-input":{"@type":"PropertyValueSpecification","valueRequired":true,"valueName":"search_term_string"}}],"inLanguage":"es"},{"@type":"Organization","@id":"https:\/\/sarmiento24h.com\/#organization","name":"Sarmiento24h","url":"https:\/\/sarmiento24h.com\/","logo":{"@type":"ImageObject","inLanguage":"es","@id":"https:\/\/sarmiento24h.com\/#\/schema\/logo\/image\/","url":"https:\/\/sarmiento24h.com\/wp-content\/uploads\/2025\/12\/AddText_12-16-10.30.52.jpg","contentUrl":"https:\/\/sarmiento24h.com\/wp-content\/uploads\/2025\/12\/AddText_12-16-10.30.52.jpg","width":1220,"height":324,"caption":"Sarmiento24h"},"image":{"@id":"https:\/\/sarmiento24h.com\/#\/schema\/logo\/image\/"},"sameAs":["https:\/\/facebook.com\/s24hnoticias","https:\/\/x.com\/sarmiento24h"]},{"@type":"Person","@id":"https:\/\/sarmiento24h.com\/#\/schema\/person\/d653a59725ad629a7e0429af7b939d4d","name":"sarmiento24h@gmail.com","image":{"@type":"ImageObject","inLanguage":"es","@id":"https:\/\/sarmiento24h.com\/wp-content\/litespeed\/avatar\/d02cbc4e23c747e6659cd45907173c8f.jpg?ver=1788047690","url":"https:\/\/sarmiento24h.com\/wp-content\/litespeed\/avatar\/d02cbc4e23c747e6659cd45907173c8f.jpg?ver=1788047690","contentUrl":"https:\/\/sarmiento24h.com\/wp-content\/litespeed\/avatar\/d02cbc4e23c747e6659cd45907173c8f.jpg?ver=1788047690","caption":"sarmiento24h@gmail.com"},"sameAs":["https:\/\/sarmiento24h.com"],"url":"https:\/\/sarmiento24h.com\/?author=1"}]}},"jetpack_publicize_connections":[],"jetpack_featured_media_url":"https:\/\/sarmiento24h.com\/wp-content\/uploads\/2026\/03\/ministro-trabajo-informa-republica-dominicana-y-suiza-preparan-acuerdo-de-seguridad-social.jpg","jetpack_sharing_enabled":true,"_links":{"self":[{"href":"https:\/\/sarmiento24h.com\/index.php?rest_route=\/wp\/v2\/posts\/91913","targetHints":{"allow":["GET"]}}],"collection":[{"href":"https:\/\/sarmiento24h.com\/index.php?rest_route=\/wp\/v2\/posts"}],"about":[{"href":"https:\/\/sarmiento24h.com\/index.php?rest_route=\/wp\/v2\/types\/post"}],"author":[{"embeddable":true,"href":"https:\/\/sarmiento24h.com\/index.php?rest_route=\/wp\/v2\/users\/1"}],"replies":[{"embeddable":true,"href":"https:\/\/sarmiento24h.com\/index.php?rest_route=%2Fwp%2Fv2%2Fcomments&post=91913"}],"version-history":[{"count":0,"href":"https:\/\/sarmiento24h.com\/index.php?rest_route=\/wp\/v2\/posts\/91913\/revisions"}],"wp:featuredmedia":[{"embeddable":true,"href":"https:\/\/sarmiento24h.com\/index.php?rest_route=\/wp\/v2\/media\/91914"}],"wp:attachment":[{"href":"https:\/\/sarmiento24h.com\/index.php?rest_route=%2Fwp%2Fv2%2Fmedia&parent=91913"}],"wp:term":[{"taxonomy":"category","embeddable":true,"href":"https:\/\/sarmiento24h.com\/index.php?rest_route=%2Fwp%2Fv2%2Fcategories&post=91913"},{"taxonomy":"post_tag","embeddable":true,"href":"https:\/\/sarmiento24h.com\/index.php?rest_route=%2Fwp%2Fv2%2Ftags&post=91913"}],"curies":[{"name":"wp","href":"https:\/\/api.w.org\/{rel}","templated":true}]}}