{"id":95927,"date":"2026-03-31T18:47:37","date_gmt":"2026-03-31T18:47:37","guid":{"rendered":"http:\/\/69cbeafd916be53e8a3816ad"},"modified":"2026-03-31T18:47:37","modified_gmt":"2026-03-31T18:47:37","slug":"cuenta-regresiva-artemis-ii-como-y-cuando-ver-el-lanzamiento-de-la-mision-tripulada-que-viajara-a-la-luna","status":"publish","type":"post","link":"https:\/\/sarmiento24h.com\/?p=95927","title":{"rendered":"Cuenta regresiva Artemis II: C\u00f3mo y cuando ver el lanzamiento de la misi\u00f3n tripulada que viajar\u00e1 a la Luna"},"content":{"rendered":"<p>Tras algunos retrasos, composturas en el cohete y una reestructura del programa para regresar a la Luna, la misi\u00f3n Artemis II est\u00e1 lista para despegar. Si no existen inconvenientes, cuatro astronautas, entre los que figuran por primera vez una mujer y una persona afroamericana en una misi\u00f3n tripulada a la Luna, inaugurar\u00e1n la nueva campa\u00f1a lunar de la NASA, a m\u00e1s de 50 a\u00f1os de la era Apolo.<\/p>\n<p>La tripulaci\u00f3n de Artemis II no descender\u00e1 a la Luna (eso ocurrir\u00e1 <a href=\"https:\/\/es.wired.com\/articulos\/la-nasa-confirma-que-la-mision-que-llevara-a-astronautas-de-regreso-a-la-luna-ya-no-sera-artemis-iii\">hasta Artemis IV<\/a>), pero su c\u00e1psula sobrevolar\u00e1 por entre 6\u202f000 y 9\u202f000 kil\u00f3metros sobre la superficie del lado oculto del sat\u00e9lite, la rodear\u00e1 y marcar\u00e1 el viaje de vuelta a la Tierra. El principal objetivo de la misi\u00f3n es demostrar que la agencia espacial cuenta con la capacidad tecnol\u00f3gica para enviar personas a la Luna a salvo y sin contratiempos.<\/p>\n<p>Una vez que lo consigan, la NASA iniciar\u00e1 los preparativos para los nuevos alunizajes durante los siguientes a\u00f1os, que tendr\u00e1n como objetivo la consolidaci\u00f3n de las <a href=\"https:\/\/es.wired.com\/articulos\/la-nasa-abandona-el-proyecto-gateway-y-apuesta-por-una-base-permanente-en-la-luna\">primeras bases lunares<\/a> en la historia y con ello, la permanencia sostenida y sustentable de los seres humanos en el sat\u00e9lite.<\/p>\n<hr>\n<div class=\"ContentCardEmbedWrapper-hkvhYu kMYDit content-card-embed content-card-embed--stacked\" data-testid=\"ContentCardEmbedWrapper\" readability=\"20.595155709343\">\n<div class=\"ContentCardEmbedImage-bqahne fjmzkP content-card-embed__image\" data-testid=\"ContentCardEmbedImage\"><span class=\"SpanWrapper-kFnjvc eKnjjD responsive-asset\"><picture class=\"ResponsiveImagePicture-jKunQM gjCCFj responsive-image\"><img decoding=\"async\" alt=\"Despegue de un cohete Falcon 9 de SpaceX rumbo a la Luna.\" loading=\"lazy\" class=\"ResponsiveImageContainer-dkeESL cQPiWi responsive-image__image\" srcset=\"https:\/\/sarmiento24h.com\/wp-content\/uploads\/2026\/03\/cuenta-regresiva-artemis-ii-como-y-cuando-ver-el-lanzamiento-de-la-mision-tripulada-que-viajara-a-la-luna-1.jpg,c_limit\/KSC-20250226-PH-FMX01_0022~large.jpg 120w, https:\/\/media.es.wired.com\/photos\/69b1ae40f65b93930e5d0c56\/master\/w_240,c_limit\/KSC-20250226-PH-FMX01_0022~large.jpg 240w, https:\/\/media.es.wired.com\/photos\/69b1ae40f65b93930e5d0c56\/master\/w_320,c_limit\/KSC-20250226-PH-FMX01_0022~large.jpg 320w, https:\/\/media.es.wired.com\/photos\/69b1ae40f65b93930e5d0c56\/master\/w_640,c_limit\/KSC-20250226-PH-FMX01_0022~large.jpg 640w\" sizes=\"100vw\" src=\"https:\/\/sarmiento24h.com\/wp-content\/uploads\/2026\/03\/cuenta-regresiva-artemis-ii-como-y-cuando-ver-el-lanzamiento-de-la-mision-tripulada-que-viajara-a-la-luna.jpg\"><\/picture><\/span><\/div>\n<div class=\"ContentCardEmbedInfo-buyHWH gWLOee\" readability=\"21.882352941176\">\n<div class=\"BaseText-fEwdHD ContentCardEmbedHed-kDKGDs fUtEc dlHXUJ content-card-embed__hed\" data-testid=\"ContentCardEmbedHed\"><a class=\"BaseLink-haTOKm ContentCardEmbedHedLink-iBZsco gAoKdC hhUFQU content-card-embed__hed-link link\" href=\"https:\/\/es.wired.com\/articulos\/por-que-es-tan-dificil-volver-a-mandar-humanos-a-la-luna\" data-testid=\"ContentCardEmbedHedLink\">\u00bfPor qu\u00e9 es tan dif\u00edcil volver a mandar humanos a la Luna si ya se hizo seis veces hace medio siglo?<\/a><\/div>\n<p>Volver a la Luna parece inesperadamente dif\u00edcil tras m\u00e1s de medio siglo de avances. Las razones: menos presupuesto, m\u00e1s riesgos y una carrera tecnol\u00f3gica con varios frentes abiertos.<\/p>\n<\/div>\n<\/div>\n<hr>\n<h2>\u00bfCu\u00e1ndo y d\u00f3nde ver el despegue de Artemis II?<\/h2>\n<p>La nueva ventana de lanzamiento se abre el mi\u00e9rcoles 1 de abril a las 6:24 p.m. hora del este (EDT) y se extender\u00e1 por dos horas. Esto quiere decir que una vez se hayan hecho todas las pruebas protocolarias, el despegue de la misi\u00f3n Artemis II podr\u00eda ocurrir en cualquier momento entre las 6:24 p.m. y las 8:24 p.m. EDT. No existe una hora exacta porque el viaje se autoriza seg\u00fan las condiciones t\u00e9cnicas, meteorol\u00f3gicas y de tr\u00e1fico espacial. Si algo ocurre, la siguiente ventana de despegue se recorrer\u00e1 durante los siguientes d\u00edas.<\/p>\n<p>El lunes 6 de abril ser\u00eda el \u00faltimo d\u00eda de esta ventana de lanzamiento. Si no se logra en esta ocasi\u00f3n, la ventana de lanzamiento se recorrer\u00eda hasta el 30 de abril.<\/p>\n<p>De acuerdo on la NASA, <strong>la transmisi\u00f3n en vivo podr\u00e1 verse a trav\u00e9s de su <a href=\"https:\/\/www.youtube.com\/@NASA\">canal de Youtube<\/a>.<\/strong> La actividad iniciar\u00e1 desde las 7:45 am, hora del este, con la cobertura de las operaciones de los tanques para cargar el propulsor. Mientras tanto, a las 12:50 pm comenzar\u00e1 la cobertura oficial, hasta el despegue. Dos horas despu\u00e9s de que ocurra el lanzamiento, la NASA tendr\u00e1 una conferencia de prensa.<\/p>\n<p>As\u00ed quedan los horarios en otros pa\u00edses:<\/p>\n<ul>\n<li>M\u00e9xico: 4:24 p.m<\/li>\n<li>Espa\u00f1a: 12:24 a.m. del 2 de abril (hora peninsular)<\/li>\n<li>Argentina: 7:24 p.m<\/li>\n<li>Colombia: 5:24 p.m.<\/li>\n<\/ul>\n<figure data-testid=\"IframeEmbed\" class=\"IframeEmbedWrapper-sc-fixZhC fJBrNq iframe-embed\"><\/figure>\n<h2>Detalles de la misi\u00f3n<\/h2>\n<p>Los astronautas despegar\u00e1n en un cohete SLS de la NASA y viajar\u00e1n dentro de la c\u00e1psula Orion, descrita como un habit\u00e1culo del tama\u00f1o de una camioneta grande. Durante al menos dos d\u00edas orbitar\u00e1n la Tierra para comprobar los instrumentos a bordo. Despu\u00e9s alinear\u00e1n la nave para iniciar la trayectoria hacia la Luna. Para el quinto o sexto d\u00eda de vuelo, se espera que la c\u00e1psula entre en la esfera de influencia lunar, donde la gravedad del sat\u00e9lite supera a la terrestre, y se acople a su \u00f3rbita.<\/p>\n<p>Cuando la nave pase por <a href=\"https:\/\/es.wired.com\/articulos\/la-cara-oculta-de-la-luna-es-mas-asimetrica-de-lo-que-imaginaban-los-cientificos\">\u201cdetr\u00e1s\u201d de la Luna<\/a> comenzar\u00e1 la fase m\u00e1s peligrosa. La tripulaci\u00f3n permanecer\u00e1 incomunicada con la Tierra durante unos 50 minutos debido a la interferencia del propio sat\u00e9lite. En ese momento \u00fanico, la tripulaci\u00f3n deber\u00e1 registrar im\u00e1genes y datos del sat\u00e9lite aprovechando que llevan consigo tecnolog\u00eda mucho m\u00e1s avanzada que la disponible en la era Apolo.<\/p>\n","protected":false},"excerpt":{"rendered":"<p>Tras algunos retrasos, composturas en el cohete&#46;&#46;&#46;<\/p>\n","protected":false},"author":1,"featured_media":95928,"comment_status":"closed","ping_status":"closed","sticky":false,"template":"","format":"standard","meta":{"_jetpack_memberships_contains_paid_content":false,"footnotes":"","jetpack_publicize_message":"","jetpack_publicize_feature_enabled":true,"jetpack_social_post_already_shared":true,"jetpack_social_options":{"image_generator_settings":{"template":"highway","default_image_id":0,"font":"","enabled":false},"version":2}},"categories":[46],"tags":[],"class_list":["post-95927","post","type-post","status-publish","format-standard","has-post-thumbnail","hentry","category-tecnologia"],"yoast_head":"<!-- This site is optimized with the Yoast SEO plugin v27.3 - https:\/\/yoast.com\/product\/yoast-seo-wordpress\/ -->\n<title>Cuenta regresiva Artemis II: C\u00f3mo y cuando ver el lanzamiento de la misi\u00f3n tripulada que viajar\u00e1 a la Luna - Sarmiento24h<\/title>\n<meta name=\"robots\" content=\"index, follow, max-snippet:-1, max-image-preview:large, max-video-preview:-1\" \/>\n<link rel=\"canonical\" href=\"https:\/\/sarmiento24h.com\/?p=95927\" \/>\n<meta property=\"og:locale\" content=\"es_ES\" \/>\n<meta property=\"og:type\" content=\"article\" \/>\n<meta property=\"og:title\" content=\"Cuenta regresiva Artemis II: C\u00f3mo y cuando ver el lanzamiento de la misi\u00f3n tripulada que viajar\u00e1 a la Luna - Sarmiento24h\" \/>\n<meta property=\"og:description\" content=\"Tras algunos retrasos, composturas en el cohete&#046;&#046;&#046;\" \/>\n<meta property=\"og:url\" content=\"https:\/\/sarmiento24h.com\/?p=95927\" \/>\n<meta property=\"og:site_name\" content=\"Sarmiento24h\" \/>\n<meta property=\"article:publisher\" content=\"https:\/\/facebook.com\/s24hnoticias\" \/>\n<meta property=\"article:published_time\" content=\"2026-03-31T18:47:37+00:00\" \/>\n<meta property=\"og:image\" content=\"https:\/\/sarmiento24h.com\/wp-content\/uploads\/2026\/03\/cuenta-regresiva-artemis-ii-como-y-cuando-ver-el-lanzamiento-de-la-mision-tripulada-que-viajara-a-la-luna.jpg\" \/>\n\t<meta property=\"og:image:width\" content=\"775\" \/>\n\t<meta property=\"og:image:height\" content=\"452\" \/>\n\t<meta property=\"og:image:type\" content=\"image\/jpeg\" \/>\n<meta name=\"author\" content=\"sarmiento24h@gmail.com\" \/>\n<meta name=\"twitter:card\" content=\"summary_large_image\" \/>\n<meta name=\"twitter:creator\" content=\"@sarmiento24h\" \/>\n<meta name=\"twitter:site\" content=\"@sarmiento24h\" \/>\n<meta name=\"twitter:label1\" content=\"Escrito por\" \/>\n\t<meta name=\"twitter:data1\" content=\"sarmiento24h@gmail.com\" \/>\n\t<meta name=\"twitter:label2\" content=\"Tiempo de lectura\" \/>\n\t<meta name=\"twitter:data2\" content=\"3 minutos\" \/>\n<script type=\"application\/ld+json\" class=\"yoast-schema-graph\">{\"@context\":\"https:\\\/\\\/schema.org\",\"@graph\":[{\"@type\":\"Article\",\"@id\":\"https:\\\/\\\/sarmiento24h.com\\\/?p=95927#article\",\"isPartOf\":{\"@id\":\"https:\\\/\\\/sarmiento24h.com\\\/?p=95927\"},\"author\":{\"name\":\"sarmiento24h@gmail.com\",\"@id\":\"https:\\\/\\\/sarmiento24h.com\\\/#\\\/schema\\\/person\\\/d653a59725ad629a7e0429af7b939d4d\"},\"headline\":\"Cuenta regresiva Artemis II: C\u00f3mo y cuando ver el lanzamiento de la misi\u00f3n tripulada que viajar\u00e1 a la Luna\",\"datePublished\":\"2026-03-31T18:47:37+00:00\",\"mainEntityOfPage\":{\"@id\":\"https:\\\/\\\/sarmiento24h.com\\\/?p=95927\"},\"wordCount\":689,\"publisher\":{\"@id\":\"https:\\\/\\\/sarmiento24h.com\\\/#organization\"},\"image\":{\"@id\":\"https:\\\/\\\/sarmiento24h.com\\\/?p=95927#primaryimage\"},\"thumbnailUrl\":\"https:\\\/\\\/sarmiento24h.com\\\/wp-content\\\/uploads\\\/2026\\\/03\\\/cuenta-regresiva-artemis-ii-como-y-cuando-ver-el-lanzamiento-de-la-mision-tripulada-que-viajara-a-la-luna.jpg\",\"articleSection\":[\"Tecnologia\"],\"inLanguage\":\"es\"},{\"@type\":\"WebPage\",\"@id\":\"https:\\\/\\\/sarmiento24h.com\\\/?p=95927\",\"url\":\"https:\\\/\\\/sarmiento24h.com\\\/?p=95927\",\"name\":\"Cuenta regresiva Artemis II: C\u00f3mo y cuando ver el lanzamiento de la misi\u00f3n tripulada que viajar\u00e1 a la Luna - Sarmiento24h\",\"isPartOf\":{\"@id\":\"https:\\\/\\\/sarmiento24h.com\\\/#website\"},\"primaryImageOfPage\":{\"@id\":\"https:\\\/\\\/sarmiento24h.com\\\/?p=95927#primaryimage\"},\"image\":{\"@id\":\"https:\\\/\\\/sarmiento24h.com\\\/?p=95927#primaryimage\"},\"thumbnailUrl\":\"https:\\\/\\\/sarmiento24h.com\\\/wp-content\\\/uploads\\\/2026\\\/03\\\/cuenta-regresiva-artemis-ii-como-y-cuando-ver-el-lanzamiento-de-la-mision-tripulada-que-viajara-a-la-luna.jpg\",\"datePublished\":\"2026-03-31T18:47:37+00:00\",\"breadcrumb\":{\"@id\":\"https:\\\/\\\/sarmiento24h.com\\\/?p=95927#breadcrumb\"},\"inLanguage\":\"es\",\"potentialAction\":[{\"@type\":\"ReadAction\",\"target\":[\"https:\\\/\\\/sarmiento24h.com\\\/?p=95927\"]}]},{\"@type\":\"ImageObject\",\"inLanguage\":\"es\",\"@id\":\"https:\\\/\\\/sarmiento24h.com\\\/?p=95927#primaryimage\",\"url\":\"https:\\\/\\\/sarmiento24h.com\\\/wp-content\\\/uploads\\\/2026\\\/03\\\/cuenta-regresiva-artemis-ii-como-y-cuando-ver-el-lanzamiento-de-la-mision-tripulada-que-viajara-a-la-luna.jpg\",\"contentUrl\":\"https:\\\/\\\/sarmiento24h.com\\\/wp-content\\\/uploads\\\/2026\\\/03\\\/cuenta-regresiva-artemis-ii-como-y-cuando-ver-el-lanzamiento-de-la-mision-tripulada-que-viajara-a-la-luna.jpg\",\"width\":775,\"height\":452},{\"@type\":\"BreadcrumbList\",\"@id\":\"https:\\\/\\\/sarmiento24h.com\\\/?p=95927#breadcrumb\",\"itemListElement\":[{\"@type\":\"ListItem\",\"position\":1,\"name\":\"Home\",\"item\":\"https:\\\/\\\/sarmiento24h.com\\\/\"},{\"@type\":\"ListItem\",\"position\":2,\"name\":\"Cuenta regresiva Artemis II: C\u00f3mo y cuando ver el lanzamiento de la misi\u00f3n tripulada que viajar\u00e1 a la Luna\"}]},{\"@type\":\"WebSite\",\"@id\":\"https:\\\/\\\/sarmiento24h.com\\\/#website\",\"url\":\"https:\\\/\\\/sarmiento24h.com\\\/\",\"name\":\"Sarmiento24h\",\"description\":\"\",\"publisher\":{\"@id\":\"https:\\\/\\\/sarmiento24h.com\\\/#organization\"},\"potentialAction\":[{\"@type\":\"SearchAction\",\"target\":{\"@type\":\"EntryPoint\",\"urlTemplate\":\"https:\\\/\\\/sarmiento24h.com\\\/?s={search_term_string}\"},\"query-input\":{\"@type\":\"PropertyValueSpecification\",\"valueRequired\":true,\"valueName\":\"search_term_string\"}}],\"inLanguage\":\"es\"},{\"@type\":\"Organization\",\"@id\":\"https:\\\/\\\/sarmiento24h.com\\\/#organization\",\"name\":\"Sarmiento24h\",\"url\":\"https:\\\/\\\/sarmiento24h.com\\\/\",\"logo\":{\"@type\":\"ImageObject\",\"inLanguage\":\"es\",\"@id\":\"https:\\\/\\\/sarmiento24h.com\\\/#\\\/schema\\\/logo\\\/image\\\/\",\"url\":\"https:\\\/\\\/sarmiento24h.com\\\/wp-content\\\/uploads\\\/2025\\\/12\\\/AddText_12-16-10.30.52.jpg\",\"contentUrl\":\"https:\\\/\\\/sarmiento24h.com\\\/wp-content\\\/uploads\\\/2025\\\/12\\\/AddText_12-16-10.30.52.jpg\",\"width\":1220,\"height\":324,\"caption\":\"Sarmiento24h\"},\"image\":{\"@id\":\"https:\\\/\\\/sarmiento24h.com\\\/#\\\/schema\\\/logo\\\/image\\\/\"},\"sameAs\":[\"https:\\\/\\\/facebook.com\\\/s24hnoticias\",\"https:\\\/\\\/x.com\\\/sarmiento24h\"]},{\"@type\":\"Person\",\"@id\":\"https:\\\/\\\/sarmiento24h.com\\\/#\\\/schema\\\/person\\\/d653a59725ad629a7e0429af7b939d4d\",\"name\":\"sarmiento24h@gmail.com\",\"image\":{\"@type\":\"ImageObject\",\"inLanguage\":\"es\",\"@id\":\"https:\\\/\\\/sarmiento24h.com\\\/wp-content\\\/litespeed\\\/avatar\\\/d02cbc4e23c747e6659cd45907173c8f.jpg?ver=1777157796\",\"url\":\"https:\\\/\\\/sarmiento24h.com\\\/wp-content\\\/litespeed\\\/avatar\\\/d02cbc4e23c747e6659cd45907173c8f.jpg?ver=1777157796\",\"contentUrl\":\"https:\\\/\\\/sarmiento24h.com\\\/wp-content\\\/litespeed\\\/avatar\\\/d02cbc4e23c747e6659cd45907173c8f.jpg?ver=1777157796\",\"caption\":\"sarmiento24h@gmail.com\"},\"sameAs\":[\"https:\\\/\\\/sarmiento24h.com\"],\"url\":\"https:\\\/\\\/sarmiento24h.com\\\/?author=1\"}]}<\/script>\n<!-- \/ Yoast SEO plugin. -->","yoast_head_json":{"title":"Cuenta regresiva Artemis II: C\u00f3mo y cuando ver el lanzamiento de la misi\u00f3n tripulada que viajar\u00e1 a la Luna - Sarmiento24h","robots":{"index":"index","follow":"follow","max-snippet":"max-snippet:-1","max-image-preview":"max-image-preview:large","max-video-preview":"max-video-preview:-1"},"canonical":"https:\/\/sarmiento24h.com\/?p=95927","og_locale":"es_ES","og_type":"article","og_title":"Cuenta regresiva Artemis II: C\u00f3mo y cuando ver el lanzamiento de la misi\u00f3n tripulada que viajar\u00e1 a la Luna - Sarmiento24h","og_description":"Tras algunos retrasos, composturas en el cohete&#46;&#46;&#46;","og_url":"https:\/\/sarmiento24h.com\/?p=95927","og_site_name":"Sarmiento24h","article_publisher":"https:\/\/facebook.com\/s24hnoticias","article_published_time":"2026-03-31T18:47:37+00:00","og_image":[{"width":775,"height":452,"url":"https:\/\/sarmiento24h.com\/wp-content\/uploads\/2026\/03\/cuenta-regresiva-artemis-ii-como-y-cuando-ver-el-lanzamiento-de-la-mision-tripulada-que-viajara-a-la-luna.jpg","type":"image\/jpeg"}],"author":"sarmiento24h@gmail.com","twitter_card":"summary_large_image","twitter_creator":"@sarmiento24h","twitter_site":"@sarmiento24h","twitter_misc":{"Escrito por":"sarmiento24h@gmail.com","Tiempo de lectura":"3 minutos"},"schema":{"@context":"https:\/\/schema.org","@graph":[{"@type":"Article","@id":"https:\/\/sarmiento24h.com\/?p=95927#article","isPartOf":{"@id":"https:\/\/sarmiento24h.com\/?p=95927"},"author":{"name":"sarmiento24h@gmail.com","@id":"https:\/\/sarmiento24h.com\/#\/schema\/person\/d653a59725ad629a7e0429af7b939d4d"},"headline":"Cuenta regresiva Artemis II: C\u00f3mo y cuando ver el lanzamiento de la misi\u00f3n tripulada que viajar\u00e1 a la Luna","datePublished":"2026-03-31T18:47:37+00:00","mainEntityOfPage":{"@id":"https:\/\/sarmiento24h.com\/?p=95927"},"wordCount":689,"publisher":{"@id":"https:\/\/sarmiento24h.com\/#organization"},"image":{"@id":"https:\/\/sarmiento24h.com\/?p=95927#primaryimage"},"thumbnailUrl":"https:\/\/sarmiento24h.com\/wp-content\/uploads\/2026\/03\/cuenta-regresiva-artemis-ii-como-y-cuando-ver-el-lanzamiento-de-la-mision-tripulada-que-viajara-a-la-luna.jpg","articleSection":["Tecnologia"],"inLanguage":"es"},{"@type":"WebPage","@id":"https:\/\/sarmiento24h.com\/?p=95927","url":"https:\/\/sarmiento24h.com\/?p=95927","name":"Cuenta regresiva Artemis II: C\u00f3mo y cuando ver el lanzamiento de la misi\u00f3n tripulada que viajar\u00e1 a la Luna - Sarmiento24h","isPartOf":{"@id":"https:\/\/sarmiento24h.com\/#website"},"primaryImageOfPage":{"@id":"https:\/\/sarmiento24h.com\/?p=95927#primaryimage"},"image":{"@id":"https:\/\/sarmiento24h.com\/?p=95927#primaryimage"},"thumbnailUrl":"https:\/\/sarmiento24h.com\/wp-content\/uploads\/2026\/03\/cuenta-regresiva-artemis-ii-como-y-cuando-ver-el-lanzamiento-de-la-mision-tripulada-que-viajara-a-la-luna.jpg","datePublished":"2026-03-31T18:47:37+00:00","breadcrumb":{"@id":"https:\/\/sarmiento24h.com\/?p=95927#breadcrumb"},"inLanguage":"es","potentialAction":[{"@type":"ReadAction","target":["https:\/\/sarmiento24h.com\/?p=95927"]}]},{"@type":"ImageObject","inLanguage":"es","@id":"https:\/\/sarmiento24h.com\/?p=95927#primaryimage","url":"https:\/\/sarmiento24h.com\/wp-content\/uploads\/2026\/03\/cuenta-regresiva-artemis-ii-como-y-cuando-ver-el-lanzamiento-de-la-mision-tripulada-que-viajara-a-la-luna.jpg","contentUrl":"https:\/\/sarmiento24h.com\/wp-content\/uploads\/2026\/03\/cuenta-regresiva-artemis-ii-como-y-cuando-ver-el-lanzamiento-de-la-mision-tripulada-que-viajara-a-la-luna.jpg","width":775,"height":452},{"@type":"BreadcrumbList","@id":"https:\/\/sarmiento24h.com\/?p=95927#breadcrumb","itemListElement":[{"@type":"ListItem","position":1,"name":"Home","item":"https:\/\/sarmiento24h.com\/"},{"@type":"ListItem","position":2,"name":"Cuenta regresiva Artemis II: C\u00f3mo y cuando ver el lanzamiento de la misi\u00f3n tripulada que viajar\u00e1 a la Luna"}]},{"@type":"WebSite","@id":"https:\/\/sarmiento24h.com\/#website","url":"https:\/\/sarmiento24h.com\/","name":"Sarmiento24h","description":"","publisher":{"@id":"https:\/\/sarmiento24h.com\/#organization"},"potentialAction":[{"@type":"SearchAction","target":{"@type":"EntryPoint","urlTemplate":"https:\/\/sarmiento24h.com\/?s={search_term_string}"},"query-input":{"@type":"PropertyValueSpecification","valueRequired":true,"valueName":"search_term_string"}}],"inLanguage":"es"},{"@type":"Organization","@id":"https:\/\/sarmiento24h.com\/#organization","name":"Sarmiento24h","url":"https:\/\/sarmiento24h.com\/","logo":{"@type":"ImageObject","inLanguage":"es","@id":"https:\/\/sarmiento24h.com\/#\/schema\/logo\/image\/","url":"https:\/\/sarmiento24h.com\/wp-content\/uploads\/2025\/12\/AddText_12-16-10.30.52.jpg","contentUrl":"https:\/\/sarmiento24h.com\/wp-content\/uploads\/2025\/12\/AddText_12-16-10.30.52.jpg","width":1220,"height":324,"caption":"Sarmiento24h"},"image":{"@id":"https:\/\/sarmiento24h.com\/#\/schema\/logo\/image\/"},"sameAs":["https:\/\/facebook.com\/s24hnoticias","https:\/\/x.com\/sarmiento24h"]},{"@type":"Person","@id":"https:\/\/sarmiento24h.com\/#\/schema\/person\/d653a59725ad629a7e0429af7b939d4d","name":"sarmiento24h@gmail.com","image":{"@type":"ImageObject","inLanguage":"es","@id":"https:\/\/sarmiento24h.com\/wp-content\/litespeed\/avatar\/d02cbc4e23c747e6659cd45907173c8f.jpg?ver=1777157796","url":"https:\/\/sarmiento24h.com\/wp-content\/litespeed\/avatar\/d02cbc4e23c747e6659cd45907173c8f.jpg?ver=1777157796","contentUrl":"https:\/\/sarmiento24h.com\/wp-content\/litespeed\/avatar\/d02cbc4e23c747e6659cd45907173c8f.jpg?ver=1777157796","caption":"sarmiento24h@gmail.com"},"sameAs":["https:\/\/sarmiento24h.com"],"url":"https:\/\/sarmiento24h.com\/?author=1"}]}},"jetpack_publicize_connections":[],"jetpack_featured_media_url":"https:\/\/sarmiento24h.com\/wp-content\/uploads\/2026\/03\/cuenta-regresiva-artemis-ii-como-y-cuando-ver-el-lanzamiento-de-la-mision-tripulada-que-viajara-a-la-luna.jpg","jetpack_sharing_enabled":true,"_links":{"self":[{"href":"https:\/\/sarmiento24h.com\/index.php?rest_route=\/wp\/v2\/posts\/95927","targetHints":{"allow":["GET"]}}],"collection":[{"href":"https:\/\/sarmiento24h.com\/index.php?rest_route=\/wp\/v2\/posts"}],"about":[{"href":"https:\/\/sarmiento24h.com\/index.php?rest_route=\/wp\/v2\/types\/post"}],"author":[{"embeddable":true,"href":"https:\/\/sarmiento24h.com\/index.php?rest_route=\/wp\/v2\/users\/1"}],"replies":[{"embeddable":true,"href":"https:\/\/sarmiento24h.com\/index.php?rest_route=%2Fwp%2Fv2%2Fcomments&post=95927"}],"version-history":[{"count":0,"href":"https:\/\/sarmiento24h.com\/index.php?rest_route=\/wp\/v2\/posts\/95927\/revisions"}],"wp:featuredmedia":[{"embeddable":true,"href":"https:\/\/sarmiento24h.com\/index.php?rest_route=\/wp\/v2\/media\/95928"}],"wp:attachment":[{"href":"https:\/\/sarmiento24h.com\/index.php?rest_route=%2Fwp%2Fv2%2Fmedia&parent=95927"}],"wp:term":[{"taxonomy":"category","embeddable":true,"href":"https:\/\/sarmiento24h.com\/index.php?rest_route=%2Fwp%2Fv2%2Fcategories&post=95927"},{"taxonomy":"post_tag","embeddable":true,"href":"https:\/\/sarmiento24h.com\/index.php?rest_route=%2Fwp%2Fv2%2Ftags&post=95927"}],"curies":[{"name":"wp","href":"https:\/\/api.w.org\/{rel}","templated":true}]}}